{"id":13789,"date":"2019-09-06T22:07:19","date_gmt":"2019-09-07T01:07:19","guid":{"rendered":"https:\/\/blogs.correiobraziliense.com.br\/servidor\/?p=13789"},"modified":"2019-09-06T22:07:19","modified_gmt":"2019-09-07T01:07:19","slug":"taurus-participa-da-semana-do-brasil","status":"publish","type":"post","link":"https:\/\/blogs.correiobraziliense.com.br\/servidor\/taurus-participa-da-semana-do-brasil\/","title":{"rendered":"Taurus participa da Semana do Brasil"},"content":{"rendered":"<p><em>No primeiro dia a procura foi t\u00e3o alta que o site da fabricante de armas ficou por algum tempo congestionado e fora do ar<\/em><\/p>\n<p>A Taurus, uma das maiores fabricantes de armas leves do mundo, est\u00e1 participando da Semana do Brasil, per\u00edodo de promo\u00e7\u00f5es idealizado pelo governo de Jair Bolsonaro em parceria com empres\u00e1rios do varejo, de 6 at\u00e9 15 de setembro de 2019.<\/p>\n<p>Segundo o presidente da Taurus, Salesio Nuhs, a nova data \u00e9 a grande aposta para ampliar as vendas no m\u00eas. &#8220;A Semana do Brasil \u00e9 uma a\u00e7\u00e3o que tem o objetivo de movimentar a economia nacional, gerando oportunidades para quem produz e quem consome. A expectativa \u00e9 bastante positiva&#8221;.<\/p>\n<p>Os bons resultados parecem j\u00e1 estar aparecendo. No primeiro dia da campanha, o fluxo de acesso foi t\u00e3o intenso que o site da Taurus esteve fora do ar por algum tempo.<\/p>\n","protected":false},"excerpt":{"rendered":"<p>No primeiro dia a procura foi t\u00e3o alta que o site da fabricante de armas ficou por algum tempo congestionado e fora do ar A Taurus, uma das maiores fabricantes de armas leves do mundo, est\u00e1 participando da Semana do Brasil, per\u00edodo de promo\u00e7\u00f5es idealizado pelo governo de Jair Bolsonaro em parceria com empres\u00e1rios do varejo, de 6 at\u00e9 15 [&hellip;]<\/p>\n","protected":false},"author":27,"featured_media":0,"comment_status":"open","ping_status":"closed","sticky":false,"template":"","format":"standard","meta":{"footnotes":""},"categories":[2719],"tags":[84,4799,16043,4177,13679,16044,98,13649,1772,16042,2936,14182],"class_list":["post-13789","post","type-post","status-publish","format-standard","hentry","category-servidor","tag-acesso","tag-armas","tag-congestionado","tag-empresarios","tag-fabricante","tag-fora-do-ar","tag-governo","tag-jair-bolsonaro","tag-parceria","tag-semana-do-brasil","tag-site","tag-taurus"],"_links":{"self":[{"href":"https:\/\/blogs.correiobraziliense.com.br\/servidor\/wp-json\/wp\/v2\/posts\/13789","targetHints":{"allow":["GET"]}}],"collection":[{"href":"https:\/\/blogs.correiobraziliense.com.br\/servidor\/wp-json\/wp\/v2\/posts"}],"about":[{"href":"https:\/\/blogs.correiobraziliense.com.br\/servidor\/wp-json\/wp\/v2\/types\/post"}],"author":[{"embeddable":true,"href":"https:\/\/blogs.correiobraziliense.com.br\/servidor\/wp-json\/wp\/v2\/users\/27"}],"replies":[{"embeddable":true,"href":"https:\/\/blogs.correiobraziliense.com.br\/servidor\/wp-json\/wp\/v2\/comments?post=13789"}],"version-history":[{"count":1,"href":"https:\/\/blogs.correiobraziliense.com.br\/servidor\/wp-json\/wp\/v2\/posts\/13789\/revisions"}],"predecessor-version":[{"id":13790,"href":"https:\/\/blogs.correiobraziliense.com.br\/servidor\/wp-json\/wp\/v2\/posts\/13789\/revisions\/13790"}],"wp:attachment":[{"href":"https:\/\/blogs.correiobraziliense.com.br\/servidor\/wp-json\/wp\/v2\/media?parent=13789"}],"wp:term":[{"taxonomy":"category","embeddable":true,"href":"https:\/\/blogs.correiobraziliense.com.br\/servidor\/wp-json\/wp\/v2\/categories?post=13789"},{"taxonomy":"post_tag","embeddable":true,"href":"https:\/\/blogs.correiobraziliense.com.br\/servidor\/wp-json\/wp\/v2\/tags?post=13789"}],"curies":[{"name":"wp","href":"https:\/\/api.w.org\/{rel}","templated":true}]}}