{"id":13775,"date":"2019-09-06T14:38:14","date_gmt":"2019-09-06T17:38:14","guid":{"rendered":"https:\/\/blogs.correiobraziliense.com.br\/servidor\/?p=13775"},"modified":"2019-09-06T17:21:45","modified_gmt":"2019-09-06T20:21:45","slug":"receita-abre-na-segunda-feira-9-de-setembro-consulta-ao-quarto-lote-de-restituicao-do-irpf-2019","status":"publish","type":"post","link":"https:\/\/blogs.correiobraziliense.com.br\/servidor\/receita-abre-na-segunda-feira-9-de-setembro-consulta-ao-quarto-lote-de-restituicao-do-irpf-2019\/","title":{"rendered":"Receita abre na segunda-feira, 9 de setembro, consulta ao quarto lote de restitui\u00e7\u00e3o do IRPF 2019"},"content":{"rendered":"<p><em>A partir das 9 horas de segunda-feira, 9 de setembro, estar\u00e1 dispon\u00edvel para consulta o quarto lote de restitui\u00e7\u00e3o do\u00a0 Imposto sobre a Renda da Pessoa F\u00edsica (IRPF 2019). E tamb\u00e9m restitui\u00e7\u00f5es residuais dos exerc\u00edcios de 2008 a 2018. No total, o Fisco vai pagar mais de R$ 3,5 bilh\u00f5es<\/em><\/p>\n<p>O dinheiro entra na conta de 2.819.522 contribuintes no dia 16 de setembro, totalizando o valor de R$ 3,5 bilh\u00f5es. Desse total, R$ 226.805.119,93 s\u00e3o para contribuintes de que tratam o art. 16 da Lei n\u00ba 9.250\/95 e o Art. 69-A da Lei n\u00ba 9.784\/99, sendo 5.746 contribuintes idosos acima de 80 anos, 37.622 contribuintes entre 60 e 79 anos, 4.719 contribuintes com alguma defici\u00eancia f\u00edsica ou mental ou mol\u00e9stia grave, e 15.267 contribuintes cuja maior fonte de renda seja o magist\u00e9rio.<\/p>\n<p>Os montantes de restitui\u00e7\u00e3o para cada exerc\u00edcio, e a respectiva taxa Selic aplicada, podem ser acompanhados na tabela a seguir:<\/p>\n<div align=\"center\"><\/div>\n<p><span style=\"font-family: sans-serif;font-size: medium\"><img loading=\"lazy\" decoding=\"async\" class=\"size-full wp-image-13778 alignnone\" src=\"https:\/\/blogs.correiobraziliense.com.br\/servidor\/wp-content\/uploads\/sites\/10\/2019\/09\/Sem-t\u00edtulotabela.jpg\" alt=\"\" width=\"690\" height=\"545\" srcset=\"https:\/\/blogs.correiobraziliense.com.br\/servidor\/wp-content\/uploads\/sites\/10\/2019\/09\/Sem-t\u00edtulotabela.jpg 690w, https:\/\/blogs.correiobraziliense.com.br\/servidor\/wp-content\/uploads\/sites\/10\/2019\/09\/Sem-t\u00edtulotabela-300x237.jpg 300w, https:\/\/blogs.correiobraziliense.com.br\/servidor\/wp-content\/uploads\/sites\/10\/2019\/09\/Sem-t\u00edtulotabela-350x276.jpg 350w, https:\/\/blogs.correiobraziliense.com.br\/servidor\/wp-content\/uploads\/sites\/10\/2019\/09\/Sem-t\u00edtulotabela-550x434.jpg 550w, https:\/\/blogs.correiobraziliense.com.br\/servidor\/wp-content\/uploads\/sites\/10\/2019\/09\/Sem-t\u00edtulotabela-230x182.jpg 230w\" sizes=\"auto, (max-width: 690px) 100vw, 690px\" \/><\/span><\/p>\n<p>Para saber se teve a declara\u00e7\u00e3o liberada, o contribuinte dever\u00e1 acessar a p\u00e1gina da Receita na Internet (<a href=\"http:\/\/www.receita.fazenda.gov.br\/\" target=\"_blank\" rel=\"noopener\">http:\/\/<\/a><a href=\"http:\/\/www.receita.fazenda.gov.br\/\" target=\"_blank\" rel=\"noopener\">idg<\/a><a href=\"http:\/\/www.receita.fazenda.gov.br\/\" target=\"_blank\" rel=\"noopener\">.receita.fazenda.gov.br<\/a>), ou ligar para o Receitafone 146. Na consulta \u00e0 p\u00e1gina da Receita, servi\u00e7o e-CAC, \u00e9 poss\u00edvel acessar o extrato da declara\u00e7\u00e3o e ver se h\u00e1 inconsist\u00eancias de dados identificadas pelo processamento. Nesta hip\u00f3tese, o contribuinte pode avaliar as inconsist\u00eancias e fazer a autorregulariza\u00e7\u00e3o, mediante entrega de declara\u00e7\u00e3o retificadora.<\/p>\n<p>A Receita disponibiliza, ainda, aplicativo para tablets e smartphones que facilita consulta \u00e0s declara\u00e7\u00f5es do IRPF e situa\u00e7\u00e3o cadastral no CPF. Com ele ser\u00e1 poss\u00edvel consultar diretamente nas bases da Receita Federal informa\u00e7\u00f5es sobre libera\u00e7\u00e3o das restitui\u00e7\u00f5es do IRPF e a situa\u00e7\u00e3o cadastral de uma inscri\u00e7\u00e3o no CPF.<\/p>\n<p>A restitui\u00e7\u00e3o ficar\u00e1 dispon\u00edvel no banco durante um ano. Se o contribuinte n\u00e3o fizer o resgate nesse prazo, dever\u00e1 requer\u00ea-la por meio da Internet, mediante o Formul\u00e1rio Eletr\u00f4nico &#8211; Pedido de Pagamento de Restitui\u00e7\u00e3o, ou diretamente no e-CAC, no servi\u00e7o Extrato do Processamento da DIRPF.<\/p>\n<p>Caso o valor n\u00e3o seja creditado, o contribuinte poder\u00e1 contatar pessoalmente qualquer ag\u00eancia do BB ou ligar para a Central de Atendimento por meio do telefone 4004-0001 (capitais), 0800-729-0001 (demais localidades) e 0800-729-0088 (telefone especial exclusivo para deficientes auditivos) para agendar o cr\u00e9dito em conta-corrente ou poupan\u00e7a, em seu nome, em qualquer banco.<\/p>\n","protected":false},"excerpt":{"rendered":"<p>A partir das 9 horas de segunda-feira, 9 de setembro, estar\u00e1 dispon\u00edvel para consulta o quarto lote de restitui\u00e7\u00e3o do\u00a0 Imposto sobre a Renda da Pessoa F\u00edsica (IRPF 2019). E tamb\u00e9m restitui\u00e7\u00f5es residuais dos exerc\u00edcios de 2008 a 2018. No total, o Fisco vai pagar mais de R$ 3,5 bilh\u00f5es O dinheiro entra na conta de 2.819.522 contribuintes no dia [&hellip;]<\/p>\n","protected":false},"author":27,"featured_media":0,"comment_status":"open","ping_status":"closed","sticky":false,"template":"","format":"standard","meta":{"footnotes":""},"categories":[2719],"tags":[1422,1638,515,247,443,4973,2168,294,739,1953,354],"class_list":["post-13775","post","type-post","status-publish","format-standard","hentry","category-servidor","tag-consulta","tag-conta","tag-contribuintes","tag-fisco","tag-idosos","tag-irpj","tag-lote","tag-receita-federal","tag-restituicao","tag-selic","tag-tabela"],"_links":{"self":[{"href":"https:\/\/blogs.correiobraziliense.com.br\/servidor\/wp-json\/wp\/v2\/posts\/13775","targetHints":{"allow":["GET"]}}],"collection":[{"href":"https:\/\/blogs.correiobraziliense.com.br\/servidor\/wp-json\/wp\/v2\/posts"}],"about":[{"href":"https:\/\/blogs.correiobraziliense.com.br\/servidor\/wp-json\/wp\/v2\/types\/post"}],"author":[{"embeddable":true,"href":"https:\/\/blogs.correiobraziliense.com.br\/servidor\/wp-json\/wp\/v2\/users\/27"}],"replies":[{"embeddable":true,"href":"https:\/\/blogs.correiobraziliense.com.br\/servidor\/wp-json\/wp\/v2\/comments?post=13775"}],"version-history":[{"count":3,"href":"https:\/\/blogs.correiobraziliense.com.br\/servidor\/wp-json\/wp\/v2\/posts\/13775\/revisions"}],"predecessor-version":[{"id":13780,"href":"https:\/\/blogs.correiobraziliense.com.br\/servidor\/wp-json\/wp\/v2\/posts\/13775\/revisions\/13780"}],"wp:attachment":[{"href":"https:\/\/blogs.correiobraziliense.com.br\/servidor\/wp-json\/wp\/v2\/media?parent=13775"}],"wp:term":[{"taxonomy":"category","embeddable":true,"href":"https:\/\/blogs.correiobraziliense.com.br\/servidor\/wp-json\/wp\/v2\/categories?post=13775"},{"taxonomy":"post_tag","embeddable":true,"href":"https:\/\/blogs.correiobraziliense.com.br\/servidor\/wp-json\/wp\/v2\/tags?post=13775"}],"curies":[{"name":"wp","href":"https:\/\/api.w.org\/{rel}","templated":true}]}}