{"id":13764,"date":"2019-09-05T18:25:48","date_gmt":"2019-09-05T21:25:48","guid":{"rendered":"https:\/\/blogs.correiobraziliense.com.br\/servidor\/?p=13764"},"modified":"2019-09-05T18:25:48","modified_gmt":"2019-09-05T21:25:48","slug":"policiais-federais-saem-em-defesa-de-bolsonaro","status":"publish","type":"post","link":"https:\/\/blogs.correiobraziliense.com.br\/servidor\/policiais-federais-saem-em-defesa-de-bolsonaro\/","title":{"rendered":"Policiais federais saem em defesa de Bolsonaro"},"content":{"rendered":"<p><em>Em nota de esclarecimento, a Federa\u00e7\u00e3o Nacional dos Policiais Federais (Fenapef, representa agentes escriv\u00e3es e papiloscopista) afirma que a troca de comando na dire\u00e7\u00e3o da PF \u00e9 de prerrogativa &#8220;exclusiva&#8221; do presidente, portanto, n\u00e3o houve qualquer tipo de interfer\u00eancia<\/em><\/p>\n<p>O debate d\u00e1 sinais de que algo reacendeu antiga briga interna entre as categorias da PF. No texto, a Fenapef d\u00e1 uma alfinetada. Diz que a interfer\u00eancia \u00e9 &#8220;<span style=\"float: none;background-color: transparent;color: #333333;cursor: text;font-family: -apple-system,BlinkMacSystemFont,'Segoe UI',Roboto,Oxygen-Sans,Ubuntu,Cantarell,'Helvetica Neue',sans-serif;font-size: 16px;font-style: normal;font-variant: normal;font-weight: 400;letter-spacing: normal;text-align: left;text-decoration: none;text-indent: 0px\">publicamente patrocinada e defendida por entidade associativa de pouca representatividade, que hoje se insurge publicamente contra o mandat\u00e1rio do pa\u00eds, alegando pretensa interfer\u00eancia na PF&#8221;.<\/span><\/p>\n<p>&#8220;<span style=\"float: none;background-color: transparent;color: #333333;cursor: text;font-family: -apple-system,BlinkMacSystemFont,'Segoe UI',Roboto,Oxygen-Sans,Ubuntu,Cantarell,'Helvetica Neue',sans-serif;font-size: 16px;font-style: normal;font-variant: normal;font-weight: 400;letter-spacing: normal;text-align: left;text-decoration: none;text-indent: 0px\">Os policiais federais reafirmam sua confian\u00e7a no presidente da Rep\u00fablica, eleito segundo a regra democr\u00e1tica, e no ministro de Estado da Justi\u00e7a e Seguran\u00e7a P\u00fablica, considerado hoje um dos maiores \u00edcones no combate \u00e0 corrup\u00e7\u00e3o da hist\u00f3ria deste pa\u00eds; e repudiam a utiliza\u00e7\u00e3o do nome da Pol\u00edcia Federal para o patroc\u00ednio oportunista da PEC 412 (da falaciosa autonomia), projeto corporativo que conta com rejei\u00e7\u00e3o da maioria esmagadora dos integrantes da corpora\u00e7\u00e3o&#8221;, destaca o documento.<\/span><\/p>\n<p>Veja a nota:<\/p>\n<p>&#8220;A Federa\u00e7\u00e3o Nacional dos Policiais Federais (Fenapef), entidade que representa mais de 14000 integrantes da carreira policial federal de todos os cargos, vem a p\u00fablico esclarecer os seguintes pontos em rela\u00e7\u00e3o \u00e0 suposta troca de comando da Dire\u00e7\u00e3o Geral da Pol\u00edcia Federal, e outras quest\u00f5es correlatas:<\/p>\n<p>1- Inicialmente refuta-se com veem\u00eancia a utiliza\u00e7\u00e3o do nome da \u201ccorpora\u00e7\u00e3o\u201d Pol\u00edcia Federal em manifesta\u00e7\u00f5es de cunho pol\u00edtico-classista, provenientes de integrantes de um \u00fanico cargo minorit\u00e1rio na estrutura da PF, bem como de determinada associa\u00e7\u00e3o que congrega parcela deste grupo.<\/p>\n<p>2- Para a expressiva maioria dos integrantes da Pol\u00edcia Federal, aqui representados pela Federa\u00e7\u00e3o Nacional, o Presidente da Rep\u00fablica tem a prerrogativa exclusiva de NOMEAR o Diretor Geral da PF, em obedi\u00eancia a mandamento expresso contido no artigo 2\u00ba-C, da Lei n\u00b0 9266\/96 (com a reda\u00e7\u00e3o dada pela MP 657\/14), bem como substitu\u00ed-lo como e quando achar oportuno.<\/p>\n<p>3- \u00c9 fundamental ressaltar que a modifica\u00e7\u00e3o na lei de reg\u00eancia da Pol\u00edcia Federal que conferiu essa prerrogativa ao Presidente da Rep\u00fablica \u00e9 fruto da pol\u00eamica, e pouco republicana, MP 657 de 2014, editada 10 dias antes da elei\u00e7\u00e3o presidencial daquele ano, e, publicamente patrocinada e defendida por entidade associativa de pouca representatividade, que hoje se insurge publicamente contra o mandat\u00e1rio do pa\u00eds, alegando pretensa interfer\u00eancia na PF.<\/p>\n<p>4- Os Policiais Federais entendem que o Cargo de Diretor Geral deve ser ocupado por profissional de seguran\u00e7a p\u00fablica que esteja em sintonia com as diretrizes e pol\u00edticas p\u00fablicas emanadas daquele que recebeu do povo nas urnas a autoridade de estabelecer tais pol\u00edticas, segundo princ\u00edpio republicano e constitucional vigente.<\/p>\n<p>5- At\u00e9 o momento n\u00e3o se tem not\u00edcia de qualquer interfer\u00eancia nas investiga\u00e7\u00f5es em andamento no \u00e2mbito da Pol\u00edcia Federal, at\u00e9 porque a PF det\u00e9m autonomia investigativa e t\u00e9cnico-cient\u00edfica asseguradas em lei. A Federa\u00e7\u00e3o Nacional dos Policiais Federais estar\u00e1 em constante vigil\u00e2ncia em rela\u00e7\u00e3o \u00e0 defesa desta prerrogativa do \u00d3rg\u00e3o.<\/p>\n<p>6- Os Policiais Federais reafirmam sua confian\u00e7a no Presidente da Rep\u00fablica, eleito segundo a regra democr\u00e1tica, e no Ministro de Estado da Justi\u00e7a e Seguran\u00e7a P\u00fablica, considerado hoje um dos maiores \u00edcones no combate \u00e0 corrup\u00e7\u00e3o da hist\u00f3ria deste pa\u00eds; e repudiam a utiliza\u00e7\u00e3o do nome da Pol\u00edcia Federal para o patroc\u00ednio oportunista da PEC 412 (da falaciosa autonomia), projeto corporativo que conta com rejei\u00e7\u00e3o da maioria esmagadora dos integrantes da corpora\u00e7\u00e3o.<\/p>\n<p>Bras\u00edlia, 05 de setembro de 2019.<\/p>\n<p>FEDERA\u00c7\u00c3O NACIONAL DOS POLICIAIS FEDERAIS (FENAPEF) &#8220;<\/p>\n","protected":false},"excerpt":{"rendered":"<p>Em nota de esclarecimento, a Federa\u00e7\u00e3o Nacional dos Policiais Federais (Fenapef, representa agentes escriv\u00e3es e papiloscopista) afirma que a troca de comando na dire\u00e7\u00e3o da PF \u00e9 de prerrogativa &#8220;exclusiva&#8221; do presidente, portanto, n\u00e3o houve qualquer tipo de interfer\u00eancia O debate d\u00e1 sinais de que algo reacendeu antiga briga interna entre as categorias da PF. No texto, a Fenapef d\u00e1 [&hellip;]<\/p>\n","protected":false},"author":27,"featured_media":0,"comment_status":"open","ping_status":"closed","sticky":false,"template":"","format":"standard","meta":{"footnotes":""},"categories":[2719],"tags":[229,1308,1502,1776,788,107,4785,260,16030,35,16031,8471,319,104,81,1300,2771,535,1862],"class_list":["post-13764","post","type-post","status-publish","format-standard","hentry","category-servidor","tag-agentes","tag-autonomia","tag-briga","tag-comando","tag-escrivaes","tag-fenapef","tag-interna","tag-justica","tag-l-interferencia","tag-ministro","tag-papiloscopistatas","tag-pec-412","tag-pf","tag-policia-federal","tag-presidente","tag-projetos","tag-rejeicao","tag-representatividade","tag-troca"],"_links":{"self":[{"href":"https:\/\/blogs.correiobraziliense.com.br\/servidor\/wp-json\/wp\/v2\/posts\/13764","targetHints":{"allow":["GET"]}}],"collection":[{"href":"https:\/\/blogs.correiobraziliense.com.br\/servidor\/wp-json\/wp\/v2\/posts"}],"about":[{"href":"https:\/\/blogs.correiobraziliense.com.br\/servidor\/wp-json\/wp\/v2\/types\/post"}],"author":[{"embeddable":true,"href":"https:\/\/blogs.correiobraziliense.com.br\/servidor\/wp-json\/wp\/v2\/users\/27"}],"replies":[{"embeddable":true,"href":"https:\/\/blogs.correiobraziliense.com.br\/servidor\/wp-json\/wp\/v2\/comments?post=13764"}],"version-history":[{"count":1,"href":"https:\/\/blogs.correiobraziliense.com.br\/servidor\/wp-json\/wp\/v2\/posts\/13764\/revisions"}],"predecessor-version":[{"id":13765,"href":"https:\/\/blogs.correiobraziliense.com.br\/servidor\/wp-json\/wp\/v2\/posts\/13764\/revisions\/13765"}],"wp:attachment":[{"href":"https:\/\/blogs.correiobraziliense.com.br\/servidor\/wp-json\/wp\/v2\/media?parent=13764"}],"wp:term":[{"taxonomy":"category","embeddable":true,"href":"https:\/\/blogs.correiobraziliense.com.br\/servidor\/wp-json\/wp\/v2\/categories?post=13764"},{"taxonomy":"post_tag","embeddable":true,"href":"https:\/\/blogs.correiobraziliense.com.br\/servidor\/wp-json\/wp\/v2\/tags?post=13764"}],"curies":[{"name":"wp","href":"https:\/\/api.w.org\/{rel}","templated":true}]}}