{"id":13750,"date":"2019-09-04T14:08:59","date_gmt":"2019-09-04T17:08:59","guid":{"rendered":"https:\/\/blogs.correiobraziliense.com.br\/servidor\/?p=13750"},"modified":"2019-09-04T14:14:06","modified_gmt":"2019-09-04T17:14:06","slug":"jovem-negro-e-amarrado-nu-agredido-e-filmado-em-supermercado-de-sp","status":"publish","type":"post","link":"https:\/\/blogs.correiobraziliense.com.br\/servidor\/jovem-negro-e-amarrado-nu-agredido-e-filmado-em-supermercado-de-sp\/","title":{"rendered":"Jovem negro \u00e9 amarrado nu, agredido e filmado em supermercado de SP"},"content":{"rendered":"<p><em>Em protesto, a\u00a0Rede de Prote\u00e7\u00e3o e Resist\u00eancia ao Genoc\u00eddio\u00a0Racismo e Tortura divulgou uma nota de rep\u00fadio e organiza uma manifesta\u00e7\u00e3o em frente ao no s\u00e1bado, 7 de setembro, \u00e0s 10h30, em frente ao Supermercado Ricoy.\u00a0A tortura foi feita por dois seguran\u00e7as, que tiraram as roupas, amorda\u00e7aram e chicotearam um adolescente negro de 17 anos, em situa\u00e7\u00e3o de rua, que trabalhava com materiais recicl\u00e1veis. Ele foi acusado de ter pego um chocolate<\/em><\/p>\n<p><a href=\"https:\/\/www.facebook.com\/RedeContraoGenocidio\/photos\/gm.2165399280426572\/2390534314494733\/?type=3&amp;theater\">Veja a nota<\/a>:<\/p>\n<p>&#8220;Foi o que aconteceu com o adolescente de 17 anos, no Ricoy da Vila Joaniza, localizado na Avenida Yervant Kissajikian.\u00a0A Rede de Prote\u00e7\u00e3o e Resist\u00eancia ao Genoc\u00eddio junto com entidades e a sociedade civil vem, por meio desta, manifestar rep\u00fadio total \u00e0 tortura cometida por 02 segurancas do supermercado Ricoy, no m\u00eas de agosto de 2019, quando o jovem negro, reciclador de materiais recicl\u00e1veis e atualmente em situa\u00e7\u00e3o de rua, foi acusado de supostamente pego chocolate do supermercado Ricoy.<\/p>\n<p>Por causa dessa suposta acusa\u00e7\u00e3o, foi levado para uma sala, onde tiraram suas roupas, ele foi amorda\u00e7ado e chicoteado pelos 02 seguran\u00e7as. E toda a a\u00e7\u00e3o foi filmada e disparada nas redes sociais.<\/p>\n<p>Manifesta\u00e7\u00e3o do racismo estrutural da sociedade, esse ato de extrema viol\u00eancia contra um jovem negro \u00e9 motivo de rep\u00fadio e revolta.<\/p>\n<p>Lei da Chibata nunca mais. Tortura nunca mais. Racismo nunca mais.<\/p>\n<p>A Rede de prote\u00e7\u00e3o contra do genoc\u00eddio da popula\u00e7\u00e3o negra, acredita na luta cotidiana para dar visibilidade e combater as injusti\u00e7as e viol\u00eancias que ocorrem nas periferias de S\u00e3o Paulo, na constru\u00e7\u00e3o do poder popular.<br \/>\nE de acordo com a nossa Constitui\u00e7\u00e3o ningu\u00e9m ser\u00e1 submetido a tortura e racismo \u00e9 crime.<\/p>\n<p>Manifestamos, ainda, nossa solidariedade aos familiares e amigos e repudiamos veementemente o sil\u00eancio das autoridades sobre a investiga\u00e7\u00e3o e a impunidades dos seguran\u00e7as e do supermercado Ricoy.<\/p>\n<p>Exigimos justi\u00e7a j\u00e1, respostas a investiga\u00e7\u00e3o e boicote \u00e0s compras nesta rede de supermercados.<\/p>\n<p>CHEGA DE VIOLENCIA &#8211; CHEGA DE RACISMO<\/p>\n<p>Para fortalecer a luta, impedir a\u00e7\u00f5es como essa e com solidariedade aos familiares e sociedade envolvida, convocamos para o ATO QUE SER\u00c1 DIA 07\/09\/2019, EM FRENTE AO SUPERMERCADO RICOY DA AVENIDA YERVANT KISSAJIKIAN, 1918 &#8211; VILA JOANIZA<\/p>\n<p>Rede de Prote\u00e7\u00e3o e Resist\u00eancia ao Genoc\u00eddio.<br \/>\nS\u00e3o Paulo, 03 de setembro de 2019.<br \/>\nAssina:<br \/>\nUneafro<br \/>\nREDE Quilomba\u00e7\u00e3o&#8221;<\/p>\n","protected":false},"excerpt":{"rendered":"<p>Em protesto, a\u00a0Rede de Prote\u00e7\u00e3o e Resist\u00eancia ao Genoc\u00eddio\u00a0Racismo e Tortura divulgou uma nota de rep\u00fadio e organiza uma manifesta\u00e7\u00e3o em frente ao no s\u00e1bado, 7 de setembro, \u00e0s 10h30, em frente ao Supermercado Ricoy.\u00a0A tortura foi feita por dois seguran\u00e7as, que tiraram as roupas, amorda\u00e7aram e chicotearam um adolescente negro de 17 anos, em situa\u00e7\u00e3o de rua, que trabalhava [&hellip;]<\/p>\n","protected":false},"author":27,"featured_media":0,"comment_status":"open","ping_status":"closed","sticky":false,"template":"","format":"standard","meta":{"footnotes":""},"categories":[2719],"tags":[1978,753,16015,16019,16017,9488,1151,16018,2774,16016,1979,1083,2567,12649],"class_list":["post-13750","post","type-post","status-publish","format-standard","hentry","category-servidor","tag-acusado","tag-adolescente","tag-amarrado","tag-amordacado","tag-chicoteado","tag-jovem","tag-manifestacao","tag-materiais-reciclaveis","tag-negro","tag-nu","tag-racismo","tag-redes-sociais","tag-segurancas","tag-tortura"],"_links":{"self":[{"href":"https:\/\/blogs.correiobraziliense.com.br\/servidor\/wp-json\/wp\/v2\/posts\/13750","targetHints":{"allow":["GET"]}}],"collection":[{"href":"https:\/\/blogs.correiobraziliense.com.br\/servidor\/wp-json\/wp\/v2\/posts"}],"about":[{"href":"https:\/\/blogs.correiobraziliense.com.br\/servidor\/wp-json\/wp\/v2\/types\/post"}],"author":[{"embeddable":true,"href":"https:\/\/blogs.correiobraziliense.com.br\/servidor\/wp-json\/wp\/v2\/users\/27"}],"replies":[{"embeddable":true,"href":"https:\/\/blogs.correiobraziliense.com.br\/servidor\/wp-json\/wp\/v2\/comments?post=13750"}],"version-history":[{"count":2,"href":"https:\/\/blogs.correiobraziliense.com.br\/servidor\/wp-json\/wp\/v2\/posts\/13750\/revisions"}],"predecessor-version":[{"id":13752,"href":"https:\/\/blogs.correiobraziliense.com.br\/servidor\/wp-json\/wp\/v2\/posts\/13750\/revisions\/13752"}],"wp:attachment":[{"href":"https:\/\/blogs.correiobraziliense.com.br\/servidor\/wp-json\/wp\/v2\/media?parent=13750"}],"wp:term":[{"taxonomy":"category","embeddable":true,"href":"https:\/\/blogs.correiobraziliense.com.br\/servidor\/wp-json\/wp\/v2\/categories?post=13750"},{"taxonomy":"post_tag","embeddable":true,"href":"https:\/\/blogs.correiobraziliense.com.br\/servidor\/wp-json\/wp\/v2\/tags?post=13750"}],"curies":[{"name":"wp","href":"https:\/\/api.w.org\/{rel}","templated":true}]}}