{"id":13742,"date":"2019-09-04T11:18:40","date_gmt":"2019-09-04T14:18:40","guid":{"rendered":"https:\/\/blogs.correiobraziliense.com.br\/servidor\/?p=13742"},"modified":"2019-09-04T11:18:40","modified_gmt":"2019-09-04T14:18:40","slug":"servidor-estabilidade-ameacada","status":"publish","type":"post","link":"https:\/\/blogs.correiobraziliense.com.br\/servidor\/servidor-estabilidade-ameacada\/","title":{"rendered":"Servidor &#8211; Estabilidade amea\u00e7ada"},"content":{"rendered":"<p><em>Enquanto era lan\u00e7ada a Frente Parlamentar Mista em Defesa do Servi\u00e7o P\u00fablico, na C\u00e2mara dos Deputados, ontem, o governo divulgava a possibilidade de acabar com a estabilidade do funcionalismo<\/em><\/p>\n<p>Para os servidores, n\u00e3o foi apenas uma coincid\u00eancia. &#8220;N\u00e3o somos contra o aprimoramento da m\u00e1quina p\u00fablica. Mas \u00e9 preciso ressaltar que a estabilidade \u00e9 um instrumento de defesa do Estado, que precisa de estruturas est\u00e1veis. Temos servi\u00e7os como sa\u00fade, educa\u00e7\u00e3o, seguran\u00e7a e diplomacia, feitos por concursados qualificados. Se n\u00e3o fosse a estabilidade, esses cargos acabariam somente nas m\u00e3os dos amigos, parentes e protegidos. Principalmente nos munic\u00edpios, \u00e9 fundamental que o prefeito que entra, por exemplo, n\u00e3o possa retirar os concursados com experi\u00eancia. de quatro em quatro anos, para colocar os indicados ou milicianos&#8221;, destacou Rudinei Marques, presidente do F\u00f3rum Nacional das Carreiras de Estado (Fonacate).<\/p>\n<p>Diante de tantas medidas que tentam desestruturar o servi\u00e7o p\u00fablico, segundo Marques, todas as categorias est\u00e3o atentas e aguardando que cada promessa da nova gest\u00e3o seja colocada em pr\u00e1tica. &#8220;Vamos aguardar como ser\u00e1 essa nova PEC contra a estabilidade para tra\u00e7armos as estrat\u00e9gias. A Frente Parlamentar veio para isso. Para colocar luz sobre as irresponsabilidades, e combate-las. A gest\u00e3o de pessoal desse governo est\u00e1 sendo com o f\u00edgado. N\u00e3o com o c\u00e9rebro&#8221;, destacou Marques.<\/p>\n<p>Na an\u00e1lise de Sergio Ronaldo da Silva, secret\u00e1rio-geral da Confedera\u00e7\u00e3o Nacional dos Trabalhadores no Servi\u00e7o P\u00fablico (Condsef), nenhuma not\u00edcia ruim surpreende os servidores. &#8220;Para quem n\u00e3o desceu do palanque, botar o servidor contra a parede \u00e9 f\u00e1cil&#8221;, ironizou. Segundo ele, retirar a estabilidade n\u00e3o tratar\u00e1 mais efici\u00eancia, credibilidade ou melhoria para a popula\u00e7\u00e3o. &#8220;At\u00e9 porque h\u00e1 mecanismos para demitir os maus servidores. Cerca de 500 j\u00e1 foram dispensados por envolvimento em coisas que n\u00e3o s\u00e3o pr\u00f3prias da carreira&#8221;, afirmou Silva.<\/p>\n<p>Ele defende a estabilidade para todos, sem exce\u00e7\u00e3o. &#8220;Todos que fazem concurso, est\u00e3o fazendo atividade de Estado para a popula\u00e7\u00e3o, seja qual for o setor ou as atribui\u00e7\u00f5es. Se n\u00e3o fosse assim, n\u00e3o precisaria de sele\u00e7\u00e3o&#8221;, acrescentou S\u00e9rgio Ronaldo da Silva. Ele lembrou que a Frente Parlamentar j\u00e1 teve in\u00edcio com o apoio de 235 deputados e senadores e a tend\u00eancia \u00e9 aumentar esse n\u00famero. &#8220;Como todas essas mudan\u00e7as que est\u00e3o sendo lan\u00e7adas, sem debate com o funcionalismo, t\u00eam que passar pelo Congresso, n\u00e3o \u00e9 de estranhar que esse apoio esteja incomodando&#8221;, afirmou o secret\u00e1rio-geral da Condsef.<\/p>\n","protected":false},"excerpt":{"rendered":"<p>Enquanto era lan\u00e7ada a Frente Parlamentar Mista em Defesa do Servi\u00e7o P\u00fablico, na C\u00e2mara dos Deputados, ontem, o governo divulgava a possibilidade de acabar com a estabilidade do funcionalismo Para os servidores, n\u00e3o foi apenas uma coincid\u00eancia. &#8220;N\u00e3o somos contra o aprimoramento da m\u00e1quina p\u00fablica. Mas \u00e9 preciso ressaltar que a estabilidade \u00e9 um instrumento de defesa do Estado, que [&hellip;]<\/p>\n","protected":false},"author":27,"featured_media":0,"comment_status":"open","ping_status":"closed","sticky":false,"template":"","format":"standard","meta":{"footnotes":""},"categories":[2719],"tags":[1147,693,620,56,315,16010,1153,545,3645,8],"class_list":["post-13742","post","type-post","status-publish","format-standard","hentry","category-servidor","tag-concursados","tag-congresso-nacional","tag-estabilidade","tag-estado","tag-gestao","tag-governo-pec","tag-pessoal","tag-populacao","tag-selecao","tag-servidor"],"_links":{"self":[{"href":"https:\/\/blogs.correiobraziliense.com.br\/servidor\/wp-json\/wp\/v2\/posts\/13742","targetHints":{"allow":["GET"]}}],"collection":[{"href":"https:\/\/blogs.correiobraziliense.com.br\/servidor\/wp-json\/wp\/v2\/posts"}],"about":[{"href":"https:\/\/blogs.correiobraziliense.com.br\/servidor\/wp-json\/wp\/v2\/types\/post"}],"author":[{"embeddable":true,"href":"https:\/\/blogs.correiobraziliense.com.br\/servidor\/wp-json\/wp\/v2\/users\/27"}],"replies":[{"embeddable":true,"href":"https:\/\/blogs.correiobraziliense.com.br\/servidor\/wp-json\/wp\/v2\/comments?post=13742"}],"version-history":[{"count":1,"href":"https:\/\/blogs.correiobraziliense.com.br\/servidor\/wp-json\/wp\/v2\/posts\/13742\/revisions"}],"predecessor-version":[{"id":13743,"href":"https:\/\/blogs.correiobraziliense.com.br\/servidor\/wp-json\/wp\/v2\/posts\/13742\/revisions\/13743"}],"wp:attachment":[{"href":"https:\/\/blogs.correiobraziliense.com.br\/servidor\/wp-json\/wp\/v2\/media?parent=13742"}],"wp:term":[{"taxonomy":"category","embeddable":true,"href":"https:\/\/blogs.correiobraziliense.com.br\/servidor\/wp-json\/wp\/v2\/categories?post=13742"},{"taxonomy":"post_tag","embeddable":true,"href":"https:\/\/blogs.correiobraziliense.com.br\/servidor\/wp-json\/wp\/v2\/tags?post=13742"}],"curies":[{"name":"wp","href":"https:\/\/api.w.org\/{rel}","templated":true}]}}