{"id":13738,"date":"2019-09-02T20:00:48","date_gmt":"2019-09-02T23:00:48","guid":{"rendered":"https:\/\/blogs.correiobraziliense.com.br\/servidor\/?p=13738"},"modified":"2019-09-02T18:48:23","modified_gmt":"2019-09-02T21:48:23","slug":"tcu-descumprimento-de-metas-do-pne-prejudica-criancas-com-necessidades-especiais","status":"publish","type":"post","link":"https:\/\/blogs.correiobraziliense.com.br\/servidor\/tcu-descumprimento-de-metas-do-pne-prejudica-criancas-com-necessidades-especiais\/","title":{"rendered":"TCU &#8211; Descumprimento de metas do PNE prejudica crian\u00e7as com necessidades especiais"},"content":{"rendered":"<p><em>Acompanhamento do Plano Nacional de Educa\u00e7\u00e3o (PNE) aponta que mais da metade das metas para o per\u00edodo de 2014 a 2024 s\u00e3o descumpridas, o que tem prejudicado o ensino e o desenvolvimento das crian\u00e7as da rede p\u00fablica, especialmente aquelas com necessidades especiais, aponta o Tribunal de Contas da Uni\u00e3o (TCU)<\/em><\/p>\n<p>De acordo com a Meta 4 do PNE, por exemplo, a popula\u00e7\u00e3o de 4 a 17 anos com defici\u00eancia, transtornos globais do desenvolvimento e altas habilidades ou superdota\u00e7\u00e3o, deve ter acesso \u00e0 educa\u00e7\u00e3o b\u00e1sica e ao atendimento educacional especializado, com a garantia de sistema educacional inclusivo. Mas n\u00e3o \u00e9 o que acontece.<\/p>\n<p>Milhares de alunos n\u00e3o recebem atendimento educacional especializado, porque as redes em que estudam, contrariando a orienta\u00e7\u00e3o federal, exigem laudo m\u00e9dico que diagnostique a defici\u00eancia. A longa espera por atendimento na rede p\u00fablica de sa\u00fade dificulta a obten\u00e7\u00e3o do laudo e as crian\u00e7as ficam sem atendimento.<\/p>\n<p>Tamb\u00e9m existem dificuldades no cumprimento das metas 18 e 19, relacionadas a plano de carreira dos professores e gest\u00e3o democr\u00e1tica das escolas.<\/p>\n<p>\u00d8 Processo: TC 033.286\/2018-3<\/p>\n<p>\u00d8 Ac\u00f3rd\u00e3o: N\u00ba 2018\/2019<\/p>\n<p>\u00d8 Relator: ministro Walton Alencar Rodrigues<\/p>\n","protected":false},"excerpt":{"rendered":"<p>Acompanhamento do Plano Nacional de Educa\u00e7\u00e3o (PNE) aponta que mais da metade das metas para o per\u00edodo de 2014 a 2024 s\u00e3o descumpridas, o que tem prejudicado o ensino e o desenvolvimento das crian\u00e7as da rede p\u00fablica, especialmente aquelas com necessidades especiais, aponta o Tribunal de Contas da Uni\u00e3o (TCU) De acordo com a Meta 4 do PNE, por exemplo, [&hellip;]<\/p>\n","protected":false},"author":27,"featured_media":0,"comment_status":"open","ping_status":"closed","sticky":false,"template":"","format":"standard","meta":{"footnotes":""},"categories":[2719],"tags":[4017,3052,3355,9854,2045,13466,4440,1294,16009,635,16008],"class_list":["post-13738","post","type-post","status-publish","format-standard","hentry","category-servidor","tag-criancas","tag-descumpridas","tag-desenvolvimento","tag-educacao-basica","tag-metas","tag-necessidades-especiais","tag-pne","tag-rede-publica","tag-superdotacao","tag-tcu","tag-transtornos-globais"],"_links":{"self":[{"href":"https:\/\/blogs.correiobraziliense.com.br\/servidor\/wp-json\/wp\/v2\/posts\/13738","targetHints":{"allow":["GET"]}}],"collection":[{"href":"https:\/\/blogs.correiobraziliense.com.br\/servidor\/wp-json\/wp\/v2\/posts"}],"about":[{"href":"https:\/\/blogs.correiobraziliense.com.br\/servidor\/wp-json\/wp\/v2\/types\/post"}],"author":[{"embeddable":true,"href":"https:\/\/blogs.correiobraziliense.com.br\/servidor\/wp-json\/wp\/v2\/users\/27"}],"replies":[{"embeddable":true,"href":"https:\/\/blogs.correiobraziliense.com.br\/servidor\/wp-json\/wp\/v2\/comments?post=13738"}],"version-history":[{"count":1,"href":"https:\/\/blogs.correiobraziliense.com.br\/servidor\/wp-json\/wp\/v2\/posts\/13738\/revisions"}],"predecessor-version":[{"id":13739,"href":"https:\/\/blogs.correiobraziliense.com.br\/servidor\/wp-json\/wp\/v2\/posts\/13738\/revisions\/13739"}],"wp:attachment":[{"href":"https:\/\/blogs.correiobraziliense.com.br\/servidor\/wp-json\/wp\/v2\/media?parent=13738"}],"wp:term":[{"taxonomy":"category","embeddable":true,"href":"https:\/\/blogs.correiobraziliense.com.br\/servidor\/wp-json\/wp\/v2\/categories?post=13738"},{"taxonomy":"post_tag","embeddable":true,"href":"https:\/\/blogs.correiobraziliense.com.br\/servidor\/wp-json\/wp\/v2\/tags?post=13738"}],"curies":[{"name":"wp","href":"https:\/\/api.w.org\/{rel}","templated":true}]}}