{"id":13735,"date":"2019-09-02T18:20:39","date_gmt":"2019-09-02T21:20:39","guid":{"rendered":"https:\/\/blogs.correiobraziliense.com.br\/servidor\/?p=13735"},"modified":"2019-09-02T18:33:45","modified_gmt":"2019-09-02T21:33:45","slug":"as-17h34-luzes-comecam-a-piscar-no-ministerio-da-economia","status":"publish","type":"post","link":"https:\/\/blogs.correiobraziliense.com.br\/servidor\/as-17h34-luzes-comecam-a-piscar-no-ministerio-da-economia\/","title":{"rendered":"\u00c0s 17h34, luzes come\u00e7am a piscar no Minist\u00e9rio da Economia"},"content":{"rendered":"<p><em>Ap\u00f3s o projeto de reestrutura\u00e7\u00e3o, que suspendeu reajustes salariais, determinou o fechamento das portas \u00e0s 18h, encerrou atividades de ag\u00eancias da Receita Federal e proibiu at\u00e9 o cafezinho, servidores s\u00e3o alertados. As luzes piscam para avisar a hora de sair do pr\u00e9dio. Amanh\u00e3, ali\u00e1s, o secret\u00e1rio da Receita, Marcos Cintra, tem audi\u00eancia para falar da reestrutura\u00e7\u00e3o. Mas fontes de dentro do Fisco avisam que ele vai fugir do debate<\/em><\/p>\n<p>Est\u00e1 marcada uma audi\u00eancia na na Comiss\u00e3o de Finan\u00e7as e Tributa\u00e7\u00e3o da C\u00e2mara dos Deputados. O tema \u00e9 &#8220;Redu\u00e7\u00e3o do n\u00famero de superintend\u00eancias da RFB&#8221;. Ser\u00e1 no Anexo II, Plen\u00e1rio 11, com in\u00edcio \u00e0s 16h00. Os convocados s\u00e3o Marcos Cintra Cavalcante de Albuquerque, secret\u00e1rio especial da Receita Federal. Everardo Maciel, ex-secret\u00e1rio da RFB (que n\u00e3o ir\u00e1), Heleno Taveira Torres, professor titular em direito econ\u00f4mico, financeiro e tribut\u00e1rio da USP &#8211; provavelmente o \u00fanico que comparecer\u00e1.<\/p>\n<p>&#8220;Embora esteja constando da agenda de Marcos Cintra a ida \u00e0 CFT, nos corredores j\u00e1 se fala que ele nem passar\u00e1 perto de l\u00e1. Vai para uma outra agenda pela manh\u00e3, mas n\u00e3o falar\u00e1 sobre reestrutura\u00e7\u00e3o&#8221;, disse um t\u00e9cnico que n\u00e3o quis se identificar.<\/p>\n","protected":false},"excerpt":{"rendered":"<p>Ap\u00f3s o projeto de reestrutura\u00e7\u00e3o, que suspendeu reajustes salariais, determinou o fechamento das portas \u00e0s 18h, encerrou atividades de ag\u00eancias da Receita Federal e proibiu at\u00e9 o cafezinho, servidores s\u00e3o alertados. As luzes piscam para avisar a hora de sair do pr\u00e9dio. Amanh\u00e3, ali\u00e1s, o secret\u00e1rio da Receita, Marcos Cintra, tem audi\u00eancia para falar da reestrutura\u00e7\u00e3o. Mas fontes de dentro [&hellip;]<\/p>\n","protected":false},"author":27,"featured_media":0,"comment_status":"open","ping_status":"closed","sticky":false,"template":"","format":"standard","meta":{"footnotes":""},"categories":[2719],"tags":[879,192,1531,3826,16007,14327,294,325,6267],"class_list":["post-13735","post","type-post","status-publish","format-standard","hentry","category-servidor","tag-agencias","tag-audiencia","tag-camara-dos-deputados","tag-cft","tag-l-superintendencias","tag-ministerio-da-economia","tag-receita-federal","tag-reducao","tag-superintendencias"],"_links":{"self":[{"href":"https:\/\/blogs.correiobraziliense.com.br\/servidor\/wp-json\/wp\/v2\/posts\/13735","targetHints":{"allow":["GET"]}}],"collection":[{"href":"https:\/\/blogs.correiobraziliense.com.br\/servidor\/wp-json\/wp\/v2\/posts"}],"about":[{"href":"https:\/\/blogs.correiobraziliense.com.br\/servidor\/wp-json\/wp\/v2\/types\/post"}],"author":[{"embeddable":true,"href":"https:\/\/blogs.correiobraziliense.com.br\/servidor\/wp-json\/wp\/v2\/users\/27"}],"replies":[{"embeddable":true,"href":"https:\/\/blogs.correiobraziliense.com.br\/servidor\/wp-json\/wp\/v2\/comments?post=13735"}],"version-history":[{"count":2,"href":"https:\/\/blogs.correiobraziliense.com.br\/servidor\/wp-json\/wp\/v2\/posts\/13735\/revisions"}],"predecessor-version":[{"id":13737,"href":"https:\/\/blogs.correiobraziliense.com.br\/servidor\/wp-json\/wp\/v2\/posts\/13735\/revisions\/13737"}],"wp:attachment":[{"href":"https:\/\/blogs.correiobraziliense.com.br\/servidor\/wp-json\/wp\/v2\/media?parent=13735"}],"wp:term":[{"taxonomy":"category","embeddable":true,"href":"https:\/\/blogs.correiobraziliense.com.br\/servidor\/wp-json\/wp\/v2\/categories?post=13735"},{"taxonomy":"post_tag","embeddable":true,"href":"https:\/\/blogs.correiobraziliense.com.br\/servidor\/wp-json\/wp\/v2\/tags?post=13735"}],"curies":[{"name":"wp","href":"https:\/\/api.w.org\/{rel}","templated":true}]}}