{"id":13732,"date":"2019-09-02T18:03:46","date_gmt":"2019-09-02T21:03:46","guid":{"rendered":"https:\/\/blogs.correiobraziliense.com.br\/servidor\/?p=13732"},"modified":"2019-09-02T19:21:25","modified_gmt":"2019-09-02T22:21:25","slug":"terca-feira-3-comeca-com-ato-simbolico-na-esplanada-contra-a-reforma-da-previdencia","status":"publish","type":"post","link":"https:\/\/blogs.correiobraziliense.com.br\/servidor\/terca-feira-3-comeca-com-ato-simbolico-na-esplanada-contra-a-reforma-da-previdencia\/","title":{"rendered":"Ter\u00e7a-feira (3) come\u00e7a com ato simb\u00f3lico na Esplanada contra a reforma da Previd\u00eancia"},"content":{"rendered":"<p><em>&#8220;Destrui\u00e7\u00e3o da Previd\u00eancia&#8221;. Esse \u00e9 o mote do ato de v\u00e1rias carreiras do servi\u00e7o p\u00fablico federal, em frente ao Minist\u00e9rio da Justi\u00e7a. Representando os parlamentares, pessoas trajando terno e gravata quebrar\u00e3o a marretadas uma estrutura de mock-up com a palavra &#8220;aposentadoria&#8221; e entregar\u00e3o os cacos aos senadores como forma de protesto e mobiliza\u00e7\u00e3o contra a PEC 06\/19<\/em><\/p>\n<p>Nesta ter\u00e7a-feira (3), dia que antecede a vota\u00e7\u00e3o do parecer e das emendas da PEC 06\/19 (reforma da Previd\u00eancia) na Comiss\u00e3o de Constitui\u00e7\u00e3o e Justi\u00e7a do Senado Federal (CCJ), o Sindilegis, a Unacon Sindical e o Fonacate (f\u00f3rum composto por 32 entidades que representam as carreiras t\u00edpicas de Estado) far\u00e3o um ato simb\u00f3lico na Esplanada dos Minist\u00e9rios contra o atual texto em discuss\u00e3o.<\/p>\n<p>Os servidores, vestidos de preto, em luto simb\u00f3lico, ir\u00e3o se reunir em volta da palavra &#8220;aposentadoria&#8221;, que estar\u00e1 disposta em letras caixas com cerca de 1,70m de altura no gramado da Esplanada dos Minist\u00e9rios, em frente ao Minist\u00e9rio da Justi\u00e7a,\u00a0 enquanto pessoas trajando terno e gravata, munidas de marretas, representando os parlamentares, ir\u00e3o destru\u00ed-la \u2013 um ato para simbolizar o que os parlamentares e o governo federal est\u00e3o fazendo com a Previd\u00eancia Social dos brasileiros. Os cacos que sobrarem das letras ser\u00e3o entregue aos senadores, como forma de sensibiliz\u00e1-los a aprovar as emendas apresentadas \u00e0 PEC 06.<\/p>\n<p>O presidente do Sindilegis, Petrus Elesb\u00e3o, afirma que a manifesta\u00e7\u00e3o \u00e9 em prol de todos os trabalhadores brasileiros. \u201cQueremos alertar e conscientizar as pessoas sobre o impacto que essa proposta trar\u00e1. A PEC, da maneira como est\u00e1, aprofundar\u00e1 ainda mais a mis\u00e9ria no Brasil e a crise econ\u00f4mica que estamos enfrentando. Ser\u00e1 uma senten\u00e7a tr\u00e1gica para todos os brasileiros no momento mais vulner\u00e1vel de suas vidas. Aposentadoria \u00e9 um direito, n\u00e3o privil\u00e9gio!\u201d, afirmou.<\/p>\n<p>Ap\u00f3s participar do ato, os servidores e todos os participantes seguir\u00e3o para o audit\u00f3rio Petr\u00f4nio Portela, do Senado Federal, para o ato organizado pela Frente Parlamentar Mista em Defesa da Previd\u00eancia Social. O evento acontecer\u00e1 das 9h \u00e0s 14h, durante audi\u00eancia p\u00fablica para discutir a reforma da Previd\u00eancia, que, segundo o presidente do Senado, Davi Alcolumbre (DEM-AP), dever\u00e1 ser votada na Casa nas primeiras semanas de outubro.<\/p>\n<p>Ainda dentro da agenda, tamb\u00e9m haver\u00e1 o Lan\u00e7amento da Frente Parlamentar Mista em Defesa do Servi\u00e7o P\u00fablico, \u00e0s 15 horas, no Sal\u00e3o Nobre da C\u00e2mara dos Deputados.<\/p>\n<p><strong>Servi\u00e7o<\/strong><\/p>\n<p>O qu\u00ea? Ato simb\u00f3lico contra a reforma da Previd\u00eancia<\/p>\n<p>Quando? 3 de setembro \u2013 ter\u00e7a-feira &#8211; 9h<\/p>\n<p>Onde? Gramado da Esplanada dos Minist\u00e9rios, em frente ao Minist\u00e9rio da Justi\u00e7a<\/p>\n","protected":false},"excerpt":{"rendered":"<p>&#8220;Destrui\u00e7\u00e3o da Previd\u00eancia&#8221;. Esse \u00e9 o mote do ato de v\u00e1rias carreiras do servi\u00e7o p\u00fablico federal, em frente ao Minist\u00e9rio da Justi\u00e7a. Representando os parlamentares, pessoas trajando terno e gravata quebrar\u00e3o a marretadas uma estrutura de mock-up com a palavra &#8220;aposentadoria&#8221; e entregar\u00e3o os cacos aos senadores como forma de protesto e mobiliza\u00e7\u00e3o contra a PEC 06\/19 Nesta ter\u00e7a-feira (3), [&hellip;]<\/p>\n","protected":false},"author":27,"featured_media":0,"comment_status":"open","ping_status":"closed","sticky":false,"template":"","format":"standard","meta":{"footnotes":""},"categories":[2719],"tags":[6,21,16004,55,5404,56,12780,11247,16006,1973,481,268,16003,16005,549,718,9727,39,58,11246],"class_list":["post-13732","post","type-post","status-publish","format-standard","hentry","category-servidor","tag-aposentadoria","tag-ato","tag-cacos","tag-carreiras","tag-esplanada","tag-estado","tag-gramado","tag-gravata","tag-luto-simbolico","tag-ministerio-da-justica","tag-mobilizacao","tag-parlamentares","tag-pec-062019","tag-preto","tag-previdencia","tag-protesto","tag-reforma-da-previdencia","tag-senadores","tag-servidores","tag-terno"],"_links":{"self":[{"href":"https:\/\/blogs.correiobraziliense.com.br\/servidor\/wp-json\/wp\/v2\/posts\/13732","targetHints":{"allow":["GET"]}}],"collection":[{"href":"https:\/\/blogs.correiobraziliense.com.br\/servidor\/wp-json\/wp\/v2\/posts"}],"about":[{"href":"https:\/\/blogs.correiobraziliense.com.br\/servidor\/wp-json\/wp\/v2\/types\/post"}],"author":[{"embeddable":true,"href":"https:\/\/blogs.correiobraziliense.com.br\/servidor\/wp-json\/wp\/v2\/users\/27"}],"replies":[{"embeddable":true,"href":"https:\/\/blogs.correiobraziliense.com.br\/servidor\/wp-json\/wp\/v2\/comments?post=13732"}],"version-history":[{"count":3,"href":"https:\/\/blogs.correiobraziliense.com.br\/servidor\/wp-json\/wp\/v2\/posts\/13732\/revisions"}],"predecessor-version":[{"id":13741,"href":"https:\/\/blogs.correiobraziliense.com.br\/servidor\/wp-json\/wp\/v2\/posts\/13732\/revisions\/13741"}],"wp:attachment":[{"href":"https:\/\/blogs.correiobraziliense.com.br\/servidor\/wp-json\/wp\/v2\/media?parent=13732"}],"wp:term":[{"taxonomy":"category","embeddable":true,"href":"https:\/\/blogs.correiobraziliense.com.br\/servidor\/wp-json\/wp\/v2\/categories?post=13732"},{"taxonomy":"post_tag","embeddable":true,"href":"https:\/\/blogs.correiobraziliense.com.br\/servidor\/wp-json\/wp\/v2\/tags?post=13732"}],"curies":[{"name":"wp","href":"https:\/\/api.w.org\/{rel}","templated":true}]}}