{"id":13730,"date":"2019-09-02T17:04:16","date_gmt":"2019-09-02T20:04:16","guid":{"rendered":"https:\/\/blogs.correiobraziliense.com.br\/servidor\/?p=13730"},"modified":"2019-09-02T17:04:16","modified_gmt":"2019-09-02T20:04:16","slug":"viva-previdencia-posse-do-conselho-deliberativo","status":"publish","type":"post","link":"https:\/\/blogs.correiobraziliense.com.br\/servidor\/viva-previdencia-posse-do-conselho-deliberativo\/","title":{"rendered":"Viva Previd\u00eancia &#8211; Posse do Conselho Deliberativo"},"content":{"rendered":"<p><em>\u00a0A Funda\u00e7\u00e3o Viva de Previd\u00eancia, de previd\u00eancia complementar, administra os planos\u00a0Viva de Previd\u00eancia e Pec\u00falio (desde 1974), Geaprev e Viva Futuro. Lida com a aposentadoria de muitos servidores.\u00a0O Conselho Deliberativo \u00e9 o \u00f3rg\u00e3o m\u00e1ximo da estrutura organizacional da Viva, respons\u00e1vel pela defini\u00e7\u00e3o da pol\u00edtica geral de administra\u00e7\u00e3o<\/em><\/p>\n<p>O Conselho Deliberativo da Funda\u00e7\u00e3o Viva de Previd\u00eancia recebeu novos conselheiros, com mandato de 2019 a 2023. Passam a fazer parte do colegiados os conselheiros titulares Leonardo Alexandre Silveira Barbosa e Sibele Machado de Souza Monteira.\u00a0A presidente do Conselho reeleita, Ana Lu\u00edsa Dal Lago, relembrou a trajet\u00f3ria dos \u00faltimos quatro anos de mandato.<\/p>\n<p>\u201cN\u00e3o poderia deixar de agradecer a confian\u00e7a dos participantes, assistidos, instituidores e patrocinadores da Funda\u00e7\u00e3o Viva de Previd\u00eancia. Foram dois anos de dedica\u00e7\u00e3o do Conselho Deliberativo e agora reafirmamos nosso compromisso, em busca cont\u00ednua de uma gest\u00e3o eficiente dos recursos dos planos de benef\u00edcios, trabalhando juntamente o Conselho Fiscal, instituidores, patrocinadoras e colaboradores da Funda\u00e7\u00e3o, atendendo aos anseios dos participantes e assistidos\u201d, destacou Ana Lu\u00edsa.<\/p>\n<p>O Conselho Deliberativo \u00e9 o \u00f3rg\u00e3o m\u00e1ximo da estrutura organizacional da Viva, respons\u00e1vel pela defini\u00e7\u00e3o da pol\u00edtica geral de administra\u00e7\u00e3o da entidade e de seus planos de benef\u00edcios, dentre outras compet\u00eancias legais e estatut\u00e1rias. A Lei Complementar n\u00ba 109\/2001 e Resolu\u00e7\u00e3o CGCP n\u00ba 13\/2004 est\u00e3o entre os normativos legais que orientam princ\u00edpios de governan\u00e7a, gest\u00e3o e controle. Al\u00e9m disso, tamb\u00e9m conferem aos participantes representatividade nas decis\u00f5es e fiscaliza\u00e7\u00e3o da entidade.<\/p>\n<p>O diretor-presidente da Viva, Silas Devai Junior, deu as boas vindas. \u201cA Viva recebe os novos membros do Conselho Deliberativo que, al\u00e9m de representarem t\u00e3o bem os nossos participantes, mostram-se focados ao nosso principal objetivo, que \u00e9 buscar renova\u00e7\u00e3o e crescimento da entidade. Os meus votos s\u00e3o de pleno \u00eaxito nessa nova gest\u00e3o\u201d, registra.<\/p>\n<p><strong>Curso preparat\u00f3rio UniAbrapp<\/strong><\/p>\n<p>Como processo de ambienta\u00e7\u00e3o aos novos integrantes e de aprimoramento da prepara\u00e7\u00e3o dos demais membros dos Conselhos Deliberativo e Fiscal da Viva, os conselheiros participaram de um treinamento da UniAbrapp, com\u00a0 cursos de Governan\u00e7a Corporativa e a Responsabilidade dos Conselheiros e de Cultura Organizacional, Comunica\u00e7\u00e3o e Relacionamento, ministrados pelas especialistas Aparecida Ribeiro Garcia Pagliarini e Marisa Santoro Bravi.<\/p>\n<p>&nbsp;<\/p>\n","protected":false},"excerpt":{"rendered":"<p>\u00a0A Funda\u00e7\u00e3o Viva de Previd\u00eancia, de previd\u00eancia complementar, administra os planos\u00a0Viva de Previd\u00eancia e Pec\u00falio (desde 1974), Geaprev e Viva Futuro. Lida com a aposentadoria de muitos servidores.\u00a0O Conselho Deliberativo \u00e9 o \u00f3rg\u00e3o m\u00e1ximo da estrutura organizacional da Viva, respons\u00e1vel pela defini\u00e7\u00e3o da pol\u00edtica geral de administra\u00e7\u00e3o O Conselho Deliberativo da Funda\u00e7\u00e3o Viva de Previd\u00eancia recebeu novos conselheiros, com mandato [&hellip;]<\/p>\n","protected":false},"author":27,"featured_media":0,"comment_status":"open","ping_status":"closed","sticky":false,"template":"","format":"standard","meta":{"footnotes":""},"categories":[2719],"tags":[6,7,5162,4979,58],"class_list":["post-13730","post","type-post","status-publish","format-standard","hentry","category-servidor","tag-aposentadoria","tag-complementar","tag-conselho-deliberativo","tag-fundacao-viva-de-previdencia","tag-servidores"],"_links":{"self":[{"href":"https:\/\/blogs.correiobraziliense.com.br\/servidor\/wp-json\/wp\/v2\/posts\/13730","targetHints":{"allow":["GET"]}}],"collection":[{"href":"https:\/\/blogs.correiobraziliense.com.br\/servidor\/wp-json\/wp\/v2\/posts"}],"about":[{"href":"https:\/\/blogs.correiobraziliense.com.br\/servidor\/wp-json\/wp\/v2\/types\/post"}],"author":[{"embeddable":true,"href":"https:\/\/blogs.correiobraziliense.com.br\/servidor\/wp-json\/wp\/v2\/users\/27"}],"replies":[{"embeddable":true,"href":"https:\/\/blogs.correiobraziliense.com.br\/servidor\/wp-json\/wp\/v2\/comments?post=13730"}],"version-history":[{"count":1,"href":"https:\/\/blogs.correiobraziliense.com.br\/servidor\/wp-json\/wp\/v2\/posts\/13730\/revisions"}],"predecessor-version":[{"id":13731,"href":"https:\/\/blogs.correiobraziliense.com.br\/servidor\/wp-json\/wp\/v2\/posts\/13730\/revisions\/13731"}],"wp:attachment":[{"href":"https:\/\/blogs.correiobraziliense.com.br\/servidor\/wp-json\/wp\/v2\/media?parent=13730"}],"wp:term":[{"taxonomy":"category","embeddable":true,"href":"https:\/\/blogs.correiobraziliense.com.br\/servidor\/wp-json\/wp\/v2\/categories?post=13730"},{"taxonomy":"post_tag","embeddable":true,"href":"https:\/\/blogs.correiobraziliense.com.br\/servidor\/wp-json\/wp\/v2\/tags?post=13730"}],"curies":[{"name":"wp","href":"https:\/\/api.w.org\/{rel}","templated":true}]}}