{"id":1373,"date":"2016-03-24T11:04:42","date_gmt":"2016-03-24T14:04:42","guid":{"rendered":"https:\/\/blogs.correiobraziliense.com.br\/servidor\/?p=1373"},"modified":"2016-03-24T11:04:42","modified_gmt":"2016-03-24T14:04:42","slug":"carta-aberta-o-fisco-serve-sociedade-nao-governos-dizem-entidades","status":"publish","type":"post","link":"https:\/\/blogs.correiobraziliense.com.br\/servidor\/carta-aberta-o-fisco-serve-sociedade-nao-governos-dizem-entidades\/","title":{"rendered":"CARTA ABERTA: O FISCO SERVE \u00c0 SOCIEDADE, N\u00c3O A GOVERNOS, DIZEM ENTIDADES"},"content":{"rendered":"<p><em>Por meio de nota, cinco entidades ligadas ao Fisco repudiam interfer\u00eancias na Receita Federal<\/em><\/p>\n<p>&#8220;O F\u00f3rum Nacional do Fisco, que re\u00fane as entidades abaixo assinadas, em raz\u00e3o de not\u00edcias recentes nas quais autoridades federais e agentes pol\u00edticos externam o manifesto \u00e2nimo de interferir no trabalho desenvolvido pela Receita Federal do Brasil (RFB), vem a p\u00fablico expor o seguinte:<\/p>\n<p>Sonega\u00e7\u00e3o e corrup\u00e7\u00e3o s\u00e3o crimes que se equivalem em iniquidade, porque ambos sangram os cofres p\u00fablicos e reduzem drasticamente a possibilidade de nos constituirmos como um pa\u00eds socialmente justo.<\/p>\n<p>Se a cr\u00f4nica impunidade aos corruptos e corruptores ao menos vem sendo enfrentada com uma s\u00e9rie de iniciativas pol\u00edtico-jur\u00eddicas, a come\u00e7ar pelo fortalecimento das Institui\u00e7\u00f5es encarregadas de fazer cumprir as leis, n\u00e3o se pode dizer o mesmo em rela\u00e7\u00e3o \u00e0 sonega\u00e7\u00e3o, que segue sendo tratada com pouco interesse pelos governos.<\/p>\n<p>Os servidores das carreiras das Administra\u00e7\u00f5es Tribut\u00e1rias (autoridades tribut\u00e1rias) n\u00e3o atuam em nome de governos, mas da sociedade, e por atuarem numa zona de conflito entre o interesse p\u00fablico e o privado, carecem de prerrogativas que lhes assegurem prote\u00e7\u00e3o contra eventuais demandas, press\u00f5es e conveni\u00eancias dos agentes pol\u00edticos, n\u00e3o raro permeadas por interesses corporativos defesos ao interesse da coletividade.<\/p>\n<p>As mesmas imparcialidade e autonomia que se exigem de um promotor ou de um juiz no exerc\u00edcio de suas fun\u00e7\u00f5es, tamb\u00e9m se exigem de uma autoridade tribut\u00e1ria.<\/p>\n<p>Destitu\u00eddo da autonomia consagrada na Constitui\u00e7\u00e3o Federal, ao Minist\u00e9rio P\u00fablico, titular da A\u00e7\u00e3o Penal, n\u00e3o seria poss\u00edvel exercer um combate efetivo \u00e0 corrup\u00e7\u00e3o.<\/p>\n<p>\u00c9 da falta de autonomia que padece o Fisco brasileiro, a merc\u00ea que est\u00e1 de toda sorte de inger\u00eancia pol\u00edtica e econ\u00f4mica, impeditiva do exerc\u00edcio pleno de sua miss\u00e3o constitucional.<\/p>\n<p>Aceitar a inger\u00eancia pol\u00edtica no Fisco equivale a aceitar a injusti\u00e7a tribut\u00e1ria, o arb\u00edtrio, o clientelismo, o patrimonialismo, a corrup\u00e7\u00e3o e a sonega\u00e7\u00e3o.<\/p>\n<p>Pugnar pela autonomia e prestigiar a \u00edndole estatal desta Institui\u00e7\u00e3o, essencial \u00e0 sociedade, \u00e9 colocar-se a favor da plena cidadania, da justi\u00e7a social, e da possibilidade de redu\u00e7\u00e3o da carga tribut\u00e1ria pela via da efici\u00eancia na fiscaliza\u00e7\u00e3o e na arrecada\u00e7\u00e3o.<\/p>\n<p>A agenda da autonomia das Administra\u00e7\u00f5es Tribut\u00e1rias, consignada na Proposta de Emenda Constitucional (PEC) 186\/2007, \u00e9 contempor\u00e2nea e profundamente democr\u00e1tica, porque construtora de um Estado Social de Direito no sentido da transpar\u00eancia, da repress\u00e3o ao crime de sonega\u00e7\u00e3o e seus reflexos no equil\u00edbrio das contas p\u00fablicas, do aumento da capacidade de investimento p\u00fablico e, por consequ\u00eancia, da promo\u00e7\u00e3o de um pa\u00eds mais justo e solid\u00e1rio.<\/p>\n<p>Bras\u00edlia, 22 de mar\u00e7o de 2016.<\/p>\n<p>SINDIFISCO NACIONAL &#8211; Sindicato Nacional dos Auditores Fiscais da Receita Federal do Brasil<br \/>\nANFIP &#8211; Associa\u00e7\u00e3o Nacional dos Auditores- Fiscais da Receita Federal do Brasil<br \/>\nUNAFISCO NACIONAL &#8211; Associa\u00e7\u00e3o Nacional dos Auditores- Fiscais da Receita Federal do Brasil<\/p>\n<p>FEBRAFITE &#8211; Federa\u00e7\u00e3o Brasileira de Associa\u00e7\u00f5es de Fiscais de Tributos Estaduais<br \/>\nFENAFIM &#8211; Federa\u00e7\u00e3o Nacional dos Auditores e Fiscais de Tributos Estaduais<br \/>\nFENAFISCO &#8211; Federa\u00e7\u00e3o Nacional do Fisco Estadual e Distrital<\/p>\n","protected":false},"excerpt":{"rendered":"<p>Por meio de nota, cinco entidades ligadas ao Fisco repudiam interfer\u00eancias na Receita Federal &#8220;O F\u00f3rum Nacional do Fisco, que re\u00fane as entidades abaixo assinadas, em raz\u00e3o de not\u00edcias recentes nas quais autoridades federais e agentes pol\u00edticos externam o manifesto \u00e2nimo de interferir no trabalho desenvolvido pela Receita Federal do Brasil (RFB), vem a p\u00fablico expor o seguinte: Sonega\u00e7\u00e3o e [&hellip;]<\/p>\n","protected":false},"author":27,"featured_media":0,"comment_status":"open","ping_status":"closed","sticky":false,"template":"","format":"standard","meta":{"footnotes":""},"categories":[1],"tags":[1506,301,73,247,1508,1509,74,1507,351],"class_list":["post-1373","post","type-post","status-publish","format-standard","hentry","category-sem-categoria","tag-aberta","tag-carta","tag-entidades","tag-fisco","tag-governos","tag-interferencias","tag-repudiam","tag-serve","tag-sociedade"],"_links":{"self":[{"href":"https:\/\/blogs.correiobraziliense.com.br\/servidor\/wp-json\/wp\/v2\/posts\/1373","targetHints":{"allow":["GET"]}}],"collection":[{"href":"https:\/\/blogs.correiobraziliense.com.br\/servidor\/wp-json\/wp\/v2\/posts"}],"about":[{"href":"https:\/\/blogs.correiobraziliense.com.br\/servidor\/wp-json\/wp\/v2\/types\/post"}],"author":[{"embeddable":true,"href":"https:\/\/blogs.correiobraziliense.com.br\/servidor\/wp-json\/wp\/v2\/users\/27"}],"replies":[{"embeddable":true,"href":"https:\/\/blogs.correiobraziliense.com.br\/servidor\/wp-json\/wp\/v2\/comments?post=1373"}],"version-history":[{"count":1,"href":"https:\/\/blogs.correiobraziliense.com.br\/servidor\/wp-json\/wp\/v2\/posts\/1373\/revisions"}],"predecessor-version":[{"id":1374,"href":"https:\/\/blogs.correiobraziliense.com.br\/servidor\/wp-json\/wp\/v2\/posts\/1373\/revisions\/1374"}],"wp:attachment":[{"href":"https:\/\/blogs.correiobraziliense.com.br\/servidor\/wp-json\/wp\/v2\/media?parent=1373"}],"wp:term":[{"taxonomy":"category","embeddable":true,"href":"https:\/\/blogs.correiobraziliense.com.br\/servidor\/wp-json\/wp\/v2\/categories?post=1373"},{"taxonomy":"post_tag","embeddable":true,"href":"https:\/\/blogs.correiobraziliense.com.br\/servidor\/wp-json\/wp\/v2\/tags?post=1373"}],"curies":[{"name":"wp","href":"https:\/\/api.w.org\/{rel}","templated":true}]}}