{"id":13716,"date":"2019-09-02T11:45:05","date_gmt":"2019-09-02T14:45:05","guid":{"rendered":"https:\/\/blogs.correiobraziliense.com.br\/servidor\/?p=13716"},"modified":"2019-09-02T11:45:05","modified_gmt":"2019-09-02T14:45:05","slug":"bolsa-familia-registro-da-frequencia-escolar-bate-recorde-pelo-terceiro-bimestre-seguido","status":"publish","type":"post","link":"https:\/\/blogs.correiobraziliense.com.br\/servidor\/bolsa-familia-registro-da-frequencia-escolar-bate-recorde-pelo-terceiro-bimestre-seguido\/","title":{"rendered":"Bolsa Fam\u00edlia: Registro da frequ\u00eancia escolar bate recorde pelo terceiro bimestre seguido"},"content":{"rendered":"<p><em>Mais alunos beneficiados pelo programa Bolsa Fam\u00edlia est\u00e3o sendo acompanhados. Dados da frequ\u00eancia escolar dos meses de junho e julho mostram a presen\u00e7a de 12.547.535 estudantes de 6 a 17 anos em sala de aula de um total de 13.761.259, ou seja, 91,18%, informa a Minist\u00e9rio da Educa\u00e7\u00e3o<\/em><\/p>\n<p>Os dados contribuem para a\u00e7\u00f5es de combate ao abandono escolar e de irregularidades na concess\u00e3o do benef\u00edcio, destaca o MEC. No ano passado, melhor \u00edndice at\u00e9 ent\u00e3o para o per\u00edodo de junho e julho, o percentual chegou a 89,01%. No in\u00edcio da s\u00e9rie hist\u00f3rica, em 2007, 78,92% foram registrados.<\/p>\n<p>&#8220;Trata-se do terceiro bimestre seguido de recorde no acompanhamento da frequ\u00eancia escolar. No per\u00edodo de abril e maio, dos 14.044.578 estudantes contemplados pelo programa \u00e0 \u00e9poca, foi registrado o acompanhamento de 12.613.273 \u2014 89,81% do total. O melhor resultado para o segundo bimestre havia sido em 2014, com 89,22% de benefici\u00e1rios acompanhados. Em 2007, s\u00f3 68,95% foram registrados&#8221;, assinala a nota do MEC.<\/p>\n<p>Em fevereiro e mar\u00e7o, primeiro per\u00edodo de coleta do ano, tamb\u00e9m houve recorde no acompanhamento de contemplados do programa. O \u00edndice chegou a 90,31%, enquanto h\u00e1 doze anos, no mesmo recorte, registrou 66,22%. Antes do primeiro bimestre deste ano, o maior \u00edndice tinha sido o do mesmo per\u00edodo em 2018, com 89,06% de benefici\u00e1rios acompanhados.<\/p>\n<p><strong>Registro<\/strong><\/p>\n<p>Um dos requisitos para o benef\u00edcio do Bolsa Fam\u00edlia \u00e9 estar regularmente na sala de aula. A cada dois meses, as escolas p\u00fablicas devem registrar a frequ\u00eancia dos estudantes contemplados por meio do Sistema Presen\u00e7a, do Minist\u00e9rio da Educa\u00e7\u00e3o. Ap\u00f3s o procedimento, as informa\u00e7\u00f5es s\u00e3o analisadas e encaminhadas ao Minist\u00e9rio da Cidadania, respons\u00e1vel por gerenciar atualmente o Bolsa Fam\u00edlia.<\/p>\n<p>Caso haja o descumprimento da frequ\u00eancia escolar m\u00ednima exigida pelo programa, as fam\u00edlias das crian\u00e7as e dos adolescentes:<\/p>\n<p>s\u00e3o advertidas;<\/p>\n<p>t\u00eam benefici\u00e1rios bloqueados;<\/p>\n<p>t\u00eam benef\u00edcios suspensos;<\/p>\n<p>t\u00eam benefici\u00e1rios cancelados.<\/p>\n<p>O benef\u00edcio \u00e9 destinado a fam\u00edlias com renda mensal de R$ 89 a R$ 178 por pessoa, e s\u00f3 \u00e9 repassado se a frequ\u00eancia escolar for de ao menos 85% para crian\u00e7as e adolescentes de 6 a 15 anos e de 75% para jovens de 16 e 17 anos.<\/p>\n","protected":false},"excerpt":{"rendered":"<p>Mais alunos beneficiados pelo programa Bolsa Fam\u00edlia est\u00e3o sendo acompanhados. Dados da frequ\u00eancia escolar dos meses de junho e julho mostram a presen\u00e7a de 12.547.535 estudantes de 6 a 17 anos em sala de aula de um total de 13.761.259, ou seja, 91,18%, informa a Minist\u00e9rio da Educa\u00e7\u00e3o Os dados contribuem para a\u00e7\u00f5es de combate ao abandono escolar e de [&hellip;]<\/p>\n","protected":false},"author":27,"featured_media":0,"comment_status":"open","ping_status":"closed","sticky":false,"template":"","format":"standard","meta":{"footnotes":""},"categories":[2719],"tags":[10494,4329,7355,386,15994,709,4018,1163,8830,353,392,5957,1596,310,2625],"class_list":["post-13716","post","type-post","status-publish","format-standard","hentry","category-servidor","tag-abandono","tag-acompanhamento","tag-aula","tag-beneficio","tag-bimestre","tag-bolsa-familia","tag-escolar","tag-estudantes","tag-frequencia","tag-irregularidades","tag-mec","tag-ministerio-da-educacao","tag-programa","tag-recorde","tag-registro"],"_links":{"self":[{"href":"https:\/\/blogs.correiobraziliense.com.br\/servidor\/wp-json\/wp\/v2\/posts\/13716","targetHints":{"allow":["GET"]}}],"collection":[{"href":"https:\/\/blogs.correiobraziliense.com.br\/servidor\/wp-json\/wp\/v2\/posts"}],"about":[{"href":"https:\/\/blogs.correiobraziliense.com.br\/servidor\/wp-json\/wp\/v2\/types\/post"}],"author":[{"embeddable":true,"href":"https:\/\/blogs.correiobraziliense.com.br\/servidor\/wp-json\/wp\/v2\/users\/27"}],"replies":[{"embeddable":true,"href":"https:\/\/blogs.correiobraziliense.com.br\/servidor\/wp-json\/wp\/v2\/comments?post=13716"}],"version-history":[{"count":1,"href":"https:\/\/blogs.correiobraziliense.com.br\/servidor\/wp-json\/wp\/v2\/posts\/13716\/revisions"}],"predecessor-version":[{"id":13717,"href":"https:\/\/blogs.correiobraziliense.com.br\/servidor\/wp-json\/wp\/v2\/posts\/13716\/revisions\/13717"}],"wp:attachment":[{"href":"https:\/\/blogs.correiobraziliense.com.br\/servidor\/wp-json\/wp\/v2\/media?parent=13716"}],"wp:term":[{"taxonomy":"category","embeddable":true,"href":"https:\/\/blogs.correiobraziliense.com.br\/servidor\/wp-json\/wp\/v2\/categories?post=13716"},{"taxonomy":"post_tag","embeddable":true,"href":"https:\/\/blogs.correiobraziliense.com.br\/servidor\/wp-json\/wp\/v2\/tags?post=13716"}],"curies":[{"name":"wp","href":"https:\/\/api.w.org\/{rel}","templated":true}]}}