{"id":1371,"date":"2016-03-23T20:53:32","date_gmt":"2016-03-23T23:53:32","guid":{"rendered":"https:\/\/blogs.correiobraziliense.com.br\/servidor\/?p=1371"},"modified":"2016-03-23T20:53:32","modified_gmt":"2016-03-23T23:53:32","slug":"campanha-salarial-do-auditores-da-receita-anfip-se-recusa-assinar-fim-da-paridade","status":"publish","type":"post","link":"https:\/\/blogs.correiobraziliense.com.br\/servidor\/campanha-salarial-do-auditores-da-receita-anfip-se-recusa-assinar-fim-da-paridade\/","title":{"rendered":"CAMPANHA SALARIAL DOS AUDITORES DA RECEITA &#8211; ANFIP SE RECUSA A ASSINAR FIM DA PARIDADE"},"content":{"rendered":"<p style=\"text-align: left\" align=\"center\">A Associa\u00e7\u00e3o Nacional dos Auditores Fiscais da Receita Federal do Brasil (Anfip) enviou of\u00edcio, ontem, ao Minist\u00e9rio do Planejamento para se manifestar \u201cno sentido de n\u00e3o ser signat\u00e1ria o termo de acordo proposto aos auditores a ser firmado entre o Minist\u00e9rio do\u00a0Planejamento, Or\u00e7amento e Gest\u00e3o\u00a0e a entidade sindical\u201d. Os documentos foram endere\u00e7ados ao ministro do Planejamento, Valdir Sim\u00e3o (confira\u00a0<a href=\"http:\/\/www.anfip.org.br\/publicacoes\/20160323131351_Campanha-salarial-oficio-encaminhado-ao-ministro-do-Planejamento_23-03-2016_Ofcio-n-004_Ministro-do-Planejamento_Proposta-Salarial.pdf\">aqui<\/a>), e ao secret\u00e1rio de Gest\u00e3o de Pessoas e Rela\u00e7\u00f5es do Trabalho no Servi\u00e7o P\u00fablico, S\u00e9rgio Mendon\u00e7a (veja\u00a0<a href=\"http:\/\/www.anfip.org.br\/publicacoes\/20160323131447_Campanha-salarial-oficio-encaminhado-a-Secretaria-de-Relacoes-do-Trabalho-do-MPOG_23-03-2016_Ofcio-n-003_Secretaria-de-Gesto-de-Pessoas_MP_-Proposta-Salarial.pdf\">aqui<\/a>).<\/p>\n<p>No texto, a Anfip alega que a medida resulta de decis\u00e3o de todos os \u00f3rg\u00e3os colegiados da Associa\u00e7\u00e3o e dos convencionais, al\u00e9m de estar embasada em parecer jur\u00eddico que concluiu ser nociva a oferta aos auditores, criando inseguran\u00e7a futura \u00e0 classe com o fim da paridade proposta pelo governo (recorde\u00a0<a href=\"http:\/\/www.anfip.org.br\/informacoes\/noticias\/Campanha-Salarial-analise-juridica-da-proposta-do-governo_03-03-2016\" target=\"_blank\">aqui<\/a>). A Anafip tamb\u00e9m ressalta que foi impedida, de forma injustificada, de participar de reuni\u00e3o com o Minist\u00e9rio do Planejamento e a entidade sindical em 10 de mar\u00e7o (lembre <a href=\"http:\/\/www.anfip.org.br\/informacoes\/noticias\/Campanha-Salarial-por-defender-paridade-ANFIP-e-barrada-em-reuniao-no-MPOG_10-03-2016\" target=\"_blank\">aqui<\/a>). Por fim, reafirma que entre as conquistas leg\u00edtimas da classe est\u00e1 o direto \u00e0 paridade e \u00e0 integralidade da remunera\u00e7\u00e3o.<\/p>\n<p><em><strong>Coer\u00eancia na defesa dos associados<\/strong><\/em><\/p>\n<p>No decorrer da longa\u00a0campanha\u00a0salarial, a Anafip afirma que foi enf\u00e1tica na defesa da paridade entre ativos e inativos, compromisso hist\u00f3rico com seus associados, referendado em consulta aos convencionais eleitos legitimamente em cada Unidade da Federa\u00e7\u00e3o. A Entidade atuou com responsabilidade, transpar\u00eancia e, acima de tudo, com respeito a todas as posi\u00e7\u00f5es longamente debatidas na mesa de negocia\u00e7\u00e3o, orientando o conjunto dos auditores sobre os pr\u00f3s e contras da mudan\u00e7a na forma de remunera\u00e7\u00e3o. O caminho n\u00e3o foi f\u00e1cil, assinalou, e a Anfip reafirma seu orgulho de defender de maneira clara os interesses de seus associados.<\/p>\n<p>Importante ressaltar que a assinatura do termo de acordo, pela entidade sindical, n\u00e3o d\u00e1 fim \u00e0\u00a0campanha\u00a0salarial. A Anfip ampliar\u00e1 a luta em todos os n\u00edveis \u2013 nos poderes Executivo, Legislativo e Judici\u00e1rio \u2013 para defender os interesses dos associados, mantendo a coer\u00eancia na batalha intransigente pela manuten\u00e7\u00e3o da paridade e da integralidade na remunera\u00e7\u00e3o da maioria expressiva do seu quadro social.<\/p>\n<p>Ainda, a Associa\u00e7\u00e3o permanece ao lado e \u00e0 disposi\u00e7\u00e3o dos auditores que porventura se sintam prejudicados em raz\u00e3o dos atos decorrentes da assinatura do termo de acordo entre o Planejamento e a entidade sindical. Para falar com a Anfip, ligue 0800 701 6167 ou envie mensagem pelo site\u00a0\u00a0(clique\u00a0<a href=\"http:\/\/www.anfip.org.br\/contato\" target=\"_blank\">aqui<\/a>).<\/p>\n","protected":false},"excerpt":{"rendered":"<p>A Associa\u00e7\u00e3o Nacional dos Auditores Fiscais da Receita Federal do Brasil (Anfip) enviou of\u00edcio, ontem, ao Minist\u00e9rio do Planejamento para se manifestar \u201cno sentido de n\u00e3o ser signat\u00e1ria o termo de acordo proposto aos auditores a ser firmado entre o Minist\u00e9rio do\u00a0Planejamento, Or\u00e7amento e Gest\u00e3o\u00a0e a entidade sindical\u201d. Os documentos foram endere\u00e7ados ao ministro do Planejamento, Valdir Sim\u00e3o (confira\u00a0aqui), e [&hellip;]<\/p>\n","protected":false},"author":27,"featured_media":0,"comment_status":"open","ping_status":"closed","sticky":false,"template":"","format":"standard","meta":{"footnotes":""},"categories":[1],"tags":[771,1504,31,305,105,1505,294,1503,18],"class_list":["post-1371","post","type-post","status-publish","format-standard","hentry","category-sem-categoria","tag-anfip","tag-assinar","tag-auditores","tag-campanha","tag-fim","tag-paridade","tag-receita-federal","tag-recusa","tag-salarial"],"_links":{"self":[{"href":"https:\/\/blogs.correiobraziliense.com.br\/servidor\/wp-json\/wp\/v2\/posts\/1371","targetHints":{"allow":["GET"]}}],"collection":[{"href":"https:\/\/blogs.correiobraziliense.com.br\/servidor\/wp-json\/wp\/v2\/posts"}],"about":[{"href":"https:\/\/blogs.correiobraziliense.com.br\/servidor\/wp-json\/wp\/v2\/types\/post"}],"author":[{"embeddable":true,"href":"https:\/\/blogs.correiobraziliense.com.br\/servidor\/wp-json\/wp\/v2\/users\/27"}],"replies":[{"embeddable":true,"href":"https:\/\/blogs.correiobraziliense.com.br\/servidor\/wp-json\/wp\/v2\/comments?post=1371"}],"version-history":[{"count":1,"href":"https:\/\/blogs.correiobraziliense.com.br\/servidor\/wp-json\/wp\/v2\/posts\/1371\/revisions"}],"predecessor-version":[{"id":1372,"href":"https:\/\/blogs.correiobraziliense.com.br\/servidor\/wp-json\/wp\/v2\/posts\/1371\/revisions\/1372"}],"wp:attachment":[{"href":"https:\/\/blogs.correiobraziliense.com.br\/servidor\/wp-json\/wp\/v2\/media?parent=1371"}],"wp:term":[{"taxonomy":"category","embeddable":true,"href":"https:\/\/blogs.correiobraziliense.com.br\/servidor\/wp-json\/wp\/v2\/categories?post=1371"},{"taxonomy":"post_tag","embeddable":true,"href":"https:\/\/blogs.correiobraziliense.com.br\/servidor\/wp-json\/wp\/v2\/tags?post=1371"}],"curies":[{"name":"wp","href":"https:\/\/api.w.org\/{rel}","templated":true}]}}