{"id":13695,"date":"2019-08-29T17:29:59","date_gmt":"2019-08-29T20:29:59","guid":{"rendered":"https:\/\/blogs.correiobraziliense.com.br\/servidor\/?p=13695"},"modified":"2019-08-29T17:29:59","modified_gmt":"2019-08-29T20:29:59","slug":"candidato-reprovado-no-psicotecnico-consegue-na-justica-a-permanencia-no-concurso-da-prf","status":"publish","type":"post","link":"https:\/\/blogs.correiobraziliense.com.br\/servidor\/candidato-reprovado-no-psicotecnico-consegue-na-justica-a-permanencia-no-concurso-da-prf\/","title":{"rendered":"Candidato reprovado no psicot\u00e9cnico consegue na justi\u00e7a a perman\u00eancia no concurso da PRF"},"content":{"rendered":"<p><em>Ap\u00f3s fazer o exame novamente, o candidato segue para o curso de forma\u00e7\u00e3o. A ju\u00edza que deu a decis\u00e3o entendeu que\u00a0os exames psicol\u00f3gicos em concursos devem ter por finalidade investigar poss\u00edveis desvios de comportamento ou de personalidade, n\u00e3o exigir que &#8220;o candidato se enquadre em determinado perfil espec\u00edfico, previamente definido pela administra\u00e7\u00e3o p\u00fablica\u201d<\/em><\/p>\n<p>A ju\u00edza da 6\u00aa Vara Federal C\u00edvel do Distrito Federal concedeu a um candidato reprovado no psicot\u00e9cnico o direito de permanecer no processo seletivo da PRF e participar das demais etapas. O candidato, que participa edital n\u00ba 1 de 2018, j\u00e1 estava aprovado na prova objetiva, subjetiva, exame de capacidade f\u00edsica e tamb\u00e9m na avalia\u00e7\u00e3o de sa\u00fade.<\/p>\n<p>Para o advogado respons\u00e1vel pela a\u00e7\u00e3o, Dr. Max Kolbe, os documentos n\u00e3o trouxeram clareza quanto aos objetivos espec\u00edficos do edital. \u201cPrevia-se a avalia\u00e7\u00e3o com base em resolu\u00e7\u00f5es do Conselho Federal de Psicologia, mas os documentos tamb\u00e9m n\u00e3o trazem crit\u00e9rios objetivos, tornando a avalia\u00e7\u00e3o extremamente subjetiva. O que o Supremo Tribunal Federal (STF) exige \u00e9 exatamente o oposto\u201d argumentou. Para ele, \u00e9 preciso repensar como muitos processos s\u00e3o feitos. O candidato precisa saber com total transpar\u00eancia e objetividade o que est\u00e1 se avaliando e com qual finalidade.<\/p>\n<p>Ainda segundo a ju\u00edza, com base na previs\u00e3o legal, os exames psicol\u00f3gicos em concursos p\u00fablicos devem ter por finalidade investigar apenas poss\u00edveis desvios de comportamento ou de personalidade dos candidatos, ou seja, a verifica\u00e7\u00e3o de patologias ps\u00edquicas capazes de inviabilizar o exerc\u00edcio do cargo pretendido.<\/p>\n<p>\u201cAssim, n\u00e3o se coaduna com o car\u00e1ter objetivo necess\u00e1rio aos processos seletivos a realiza\u00e7\u00e3o de teste psicol\u00f3gico com a exig\u00eancia de que o candidato se enquadre em determinado perfil espec\u00edfico, previamente definido pela administra\u00e7\u00e3o p\u00fablica\u201d, pontua na decis\u00e3o.<\/p>\n<p>Agora, com a decis\u00e3o, a banca ter\u00e1 at\u00e9 30 dias para fazer um novo exame psicol\u00f3gico, com base em crit\u00e9rios objetivos definidos. Enquanto isso, o candidato segue para o curso de forma\u00e7\u00e3o com os outros concorrentes.<\/p>\n","protected":false},"excerpt":{"rendered":"<p>Ap\u00f3s fazer o exame novamente, o candidato segue para o curso de forma\u00e7\u00e3o. A ju\u00edza que deu a decis\u00e3o entendeu que\u00a0os exames psicol\u00f3gicos em concursos devem ter por finalidade investigar poss\u00edveis desvios de comportamento ou de personalidade, n\u00e3o exigir que &#8220;o candidato se enquadre em determinado perfil espec\u00edfico, previamente definido pela administra\u00e7\u00e3o p\u00fablica\u201d A ju\u00edza da 6\u00aa Vara Federal C\u00edvel [&hellip;]<\/p>\n","protected":false},"author":27,"featured_media":0,"comment_status":"open","ping_status":"closed","sticky":false,"template":"","format":"standard","meta":{"footnotes":""},"categories":[2719],"tags":[863,2695,15977,4589,93,7430,92,2723,260,6839,278,6939,841,3071,1806,15976,15975,616,12602],"class_list":["post-13695","post","type-post","status-publish","format-standard","hentry","category-servidor","tag-avaliacao","tag-candidato","tag-capacidade-fisica","tag-comportamento","tag-concurso","tag-desvios","tag-edital","tag-exame","tag-justica","tag-objetiva","tag-perfil","tag-personalidade","tag-prf","tag-prova","tag-psicologico","tag-psicotecnico","tag-reprovado","tag-saude","tag-subjetiva"],"_links":{"self":[{"href":"https:\/\/blogs.correiobraziliense.com.br\/servidor\/wp-json\/wp\/v2\/posts\/13695","targetHints":{"allow":["GET"]}}],"collection":[{"href":"https:\/\/blogs.correiobraziliense.com.br\/servidor\/wp-json\/wp\/v2\/posts"}],"about":[{"href":"https:\/\/blogs.correiobraziliense.com.br\/servidor\/wp-json\/wp\/v2\/types\/post"}],"author":[{"embeddable":true,"href":"https:\/\/blogs.correiobraziliense.com.br\/servidor\/wp-json\/wp\/v2\/users\/27"}],"replies":[{"embeddable":true,"href":"https:\/\/blogs.correiobraziliense.com.br\/servidor\/wp-json\/wp\/v2\/comments?post=13695"}],"version-history":[{"count":1,"href":"https:\/\/blogs.correiobraziliense.com.br\/servidor\/wp-json\/wp\/v2\/posts\/13695\/revisions"}],"predecessor-version":[{"id":13696,"href":"https:\/\/blogs.correiobraziliense.com.br\/servidor\/wp-json\/wp\/v2\/posts\/13695\/revisions\/13696"}],"wp:attachment":[{"href":"https:\/\/blogs.correiobraziliense.com.br\/servidor\/wp-json\/wp\/v2\/media?parent=13695"}],"wp:term":[{"taxonomy":"category","embeddable":true,"href":"https:\/\/blogs.correiobraziliense.com.br\/servidor\/wp-json\/wp\/v2\/categories?post=13695"},{"taxonomy":"post_tag","embeddable":true,"href":"https:\/\/blogs.correiobraziliense.com.br\/servidor\/wp-json\/wp\/v2\/tags?post=13695"}],"curies":[{"name":"wp","href":"https:\/\/api.w.org\/{rel}","templated":true}]}}