{"id":13692,"date":"2019-08-29T15:40:01","date_gmt":"2019-08-29T18:40:01","guid":{"rendered":"https:\/\/blogs.correiobraziliense.com.br\/servidor\/?p=13692"},"modified":"2019-08-29T15:40:37","modified_gmt":"2019-08-29T18:40:37","slug":"icmbio-servidores-da-area-ambiental-ganham-repressao-de-presente-durante-celebracao-do-aniversario-do-instituto","status":"publish","type":"post","link":"https:\/\/blogs.correiobraziliense.com.br\/servidor\/icmbio-servidores-da-area-ambiental-ganham-repressao-de-presente-durante-celebracao-do-aniversario-do-instituto\/","title":{"rendered":"ICMBio &#8211; Servidores da \u00e1rea ambiental ganham repress\u00e3o de presente durante celebra\u00e7\u00e3o do anivers\u00e1rio do instituto"},"content":{"rendered":"<p><em>Servidores do Instituto Chico Mendes ICMBio) denunciaram que, ontem (28\/08) pela manh\u00e3,\u00a0se reuniram no p\u00e1tio da sede em Bras\u00edlia-DF para comemorar os 12 anos do\u00a0\u00f3rg\u00e3o e chamar a aten\u00e7\u00e3o para a gravidade dos inc\u00eandios na\u00a0Amaz\u00f4nia. Durante o ato, o presidente despachou documento para proibir a reuni\u00e3o\u00a0<\/em><\/p>\n<p><img loading=\"lazy\" decoding=\"async\" class=\"alignright size-large wp-image-13693\" src=\"https:\/\/blogs.correiobraziliense.com.br\/servidor\/wp-content\/uploads\/sites\/10\/2019\/08\/chico-mendes-1024x1024.jpeg\" alt=\"\" width=\"1024\" height=\"1024\" srcset=\"https:\/\/blogs.correiobraziliense.com.br\/servidor\/wp-content\/uploads\/sites\/10\/2019\/08\/chico-mendes-1024x1024.jpeg 1024w, https:\/\/blogs.correiobraziliense.com.br\/servidor\/wp-content\/uploads\/sites\/10\/2019\/08\/chico-mendes-150x150.jpeg 150w, https:\/\/blogs.correiobraziliense.com.br\/servidor\/wp-content\/uploads\/sites\/10\/2019\/08\/chico-mendes-300x300.jpeg 300w, https:\/\/blogs.correiobraziliense.com.br\/servidor\/wp-content\/uploads\/sites\/10\/2019\/08\/chico-mendes-768x768.jpeg 768w, https:\/\/blogs.correiobraziliense.com.br\/servidor\/wp-content\/uploads\/sites\/10\/2019\/08\/chico-mendes-350x350.jpeg 350w, https:\/\/blogs.correiobraziliense.com.br\/servidor\/wp-content\/uploads\/sites\/10\/2019\/08\/chico-mendes-550x550.jpeg 550w, https:\/\/blogs.correiobraziliense.com.br\/servidor\/wp-content\/uploads\/sites\/10\/2019\/08\/chico-mendes-230x230.jpeg 230w, https:\/\/blogs.correiobraziliense.com.br\/servidor\/wp-content\/uploads\/sites\/10\/2019\/08\/chico-mendes.jpeg 1280w\" sizes=\"auto, (max-width: 1024px) 100vw, 1024px\" \/><\/p>\n<p>A atividade, convocada como assembleia pela Associa\u00e7\u00e3o do Servidores (Asibama-DF),\u00a0reuniu cerca de 100 participantes. Enquanto\u00a0o grupo cantava o hino nacional, o presidente do ICMBio, Homero de Giorge\u00a0Cerqueira, despachou documento para proibir a celebra\u00e7\u00e3o, contam os funcion\u00e1rios.<\/p>\n<p>A justificativa para a tentativa de impedir a manifesta\u00e7\u00e3o, destacam, seria a\u00a0necessidade de concentrar esfor\u00e7os na opera\u00e7\u00e3o Verde Brasil, &#8220;que\u00a0supostamente pretende proteger o bioma da Amaz\u00f4nia. No entanto, n\u00e3o\u00a0constavam atividades ligadas \u00e0 opera\u00e7\u00e3o na agenda oficial dos diretores do\u00a0ICMBio. Os servidores tampouco foram informados sobre essa opera\u00e7\u00e3o,\u00a0recebendo apenas um convite por e-mail sem mais explica\u00e7\u00f5es&#8221;, destacam.<\/p>\n<p>&#8220;Quando organizamos o evento, pensamos em algo para levantar a moral e\u00a0estima dos servidores uma vez que, diante do constante ass\u00e9dio, muitos\u00a0servidores est\u00e3o se sentindo amea\u00e7ados e amedrontados no exerc\u00edcio das<br \/>\nsuas fun\u00e7\u00f5es&#8221;, explicou Alexandre Gontijo, presidente da Asibama-DF.<\/p>\n<p>Durante o ato, os diretores do ICMBio lembraram das dificuldades\u00a0no trabalho: cortes or\u00e7ament\u00e1rios, redu\u00e7\u00e3o das opera\u00e7\u00f5es de fiscaliza\u00e7\u00e3o,\u00a0retalia\u00e7\u00f5es e remo\u00e7\u00f5es \u00e0 revelia, exonera\u00e7\u00e3o, impedimento de realizarem assembleias e darem entrevistas.<\/p>\n<p>\u201cA melhor forma que o governo deveria fazer para conter os inc\u00eandios e o\u00a0desmatamento \u00e9 refor\u00e7ar os \u00f3rg\u00e3os ambientais, dotando-os de capacidade de\u00a0a\u00e7\u00e3o, planejamento e infraestrutura. Infelizmente, o que vemos \u00e9 o oposto\u201d,\u00a0complementou um servidor que preferiu n\u00e3o ser identificado.<\/p>\n<p>As celebra\u00e7\u00f5es do anivers\u00e1rio do ICMBio se tornaram tradicionais.\u00a0Anualmente, a Asibama-DF recebe o pedido das dire\u00e7\u00f5es para contribuir com recurso para o bolo e decora\u00e7\u00f5es. Neste ano, contam os dirigentes sindicais, a associa\u00e7\u00e3o se deparou com o\u00a0sil\u00eancio e a recusa do diretor em receber os representes dos servidores, que<br \/>\ntiveram dois pedidos de audi\u00eancia desmarcados.\u00a0&#8220;Entendo que est\u00e1 acontecendo uma tentativa de intimida\u00e7\u00e3o mesmo&#8221;, concluiu\u00a0Beth Uema da Ascema Nacional.<\/p>\n","protected":false},"excerpt":{"rendered":"<p>Servidores do Instituto Chico Mendes ICMBio) denunciaram que, ontem (28\/08) pela manh\u00e3,\u00a0se reuniram no p\u00e1tio da sede em Bras\u00edlia-DF para comemorar os 12 anos do\u00a0\u00f3rg\u00e3o e chamar a aten\u00e7\u00e3o para a gravidade dos inc\u00eandios na\u00a0Amaz\u00f4nia. Durante o ato, o presidente despachou documento para proibir a reuni\u00e3o\u00a0 A atividade, convocada como assembleia pela Associa\u00e7\u00e3o do Servidores (Asibama-DF),\u00a0reuniu cerca de 100 participantes. [&hellip;]<\/p>\n","protected":false},"author":27,"featured_media":0,"comment_status":"open","ping_status":"closed","sticky":false,"template":"","format":"standard","meta":{"footnotes":""},"categories":[2719],"tags":[],"class_list":["post-13692","post","type-post","status-publish","format-standard","hentry","category-servidor"],"_links":{"self":[{"href":"https:\/\/blogs.correiobraziliense.com.br\/servidor\/wp-json\/wp\/v2\/posts\/13692","targetHints":{"allow":["GET"]}}],"collection":[{"href":"https:\/\/blogs.correiobraziliense.com.br\/servidor\/wp-json\/wp\/v2\/posts"}],"about":[{"href":"https:\/\/blogs.correiobraziliense.com.br\/servidor\/wp-json\/wp\/v2\/types\/post"}],"author":[{"embeddable":true,"href":"https:\/\/blogs.correiobraziliense.com.br\/servidor\/wp-json\/wp\/v2\/users\/27"}],"replies":[{"embeddable":true,"href":"https:\/\/blogs.correiobraziliense.com.br\/servidor\/wp-json\/wp\/v2\/comments?post=13692"}],"version-history":[{"count":1,"href":"https:\/\/blogs.correiobraziliense.com.br\/servidor\/wp-json\/wp\/v2\/posts\/13692\/revisions"}],"predecessor-version":[{"id":13694,"href":"https:\/\/blogs.correiobraziliense.com.br\/servidor\/wp-json\/wp\/v2\/posts\/13692\/revisions\/13694"}],"wp:attachment":[{"href":"https:\/\/blogs.correiobraziliense.com.br\/servidor\/wp-json\/wp\/v2\/media?parent=13692"}],"wp:term":[{"taxonomy":"category","embeddable":true,"href":"https:\/\/blogs.correiobraziliense.com.br\/servidor\/wp-json\/wp\/v2\/categories?post=13692"},{"taxonomy":"post_tag","embeddable":true,"href":"https:\/\/blogs.correiobraziliense.com.br\/servidor\/wp-json\/wp\/v2\/tags?post=13692"}],"curies":[{"name":"wp","href":"https:\/\/api.w.org\/{rel}","templated":true}]}}