{"id":13687,"date":"2019-08-29T14:53:01","date_gmt":"2019-08-29T17:53:01","guid":{"rendered":"https:\/\/blogs.correiobraziliense.com.br\/servidor\/?p=13687"},"modified":"2019-08-29T14:53:01","modified_gmt":"2019-08-29T17:53:01","slug":"receita-federal-fecha-agencias-em-goias-bahia-e-rio-grande-do-sul","status":"publish","type":"post","link":"https:\/\/blogs.correiobraziliense.com.br\/servidor\/receita-federal-fecha-agencias-em-goias-bahia-e-rio-grande-do-sul\/","title":{"rendered":"Receita Federal fecha ag\u00eancias em Goi\u00e1s, Bahia e Rio Grande do Sul"},"content":{"rendered":"<p><em>Por meio da Portaria 1.440, publicada hoje no Di\u00e1rio Oficial da Uni\u00e3o (DOU), o secret\u00e1rio Marcos Cintra encerra a atividade em alguns locais, nos tr\u00eas Estados, j\u00e1 a partir de 2 de setembro, pelo prazo de dois ano<\/em><\/p>\n<p>At\u00e9 amanh\u00e3 (30 de agosto), a\u00a0Coordena\u00e7\u00e3o-Geral de Gest\u00e3o de Pessoas (Cogep) ter\u00e1 que apresentar a rela\u00e7\u00e3o dos servidores que ser\u00e3o removidos, o impacto or\u00e7ament\u00e1rio das remo\u00e7\u00f5es e, se houver, e os valores dessa movimenta\u00e7\u00e3o de funcion\u00e1rios da Receita. E a Coordena\u00e7\u00e3o-Geral de Programa\u00e7\u00e3o e Log\u00edstica (Copol) tamb\u00e9m tem que informar os valores das despesas do fechamento das unidades e da dispers\u00e3o dos servidores, al\u00e9m dos impactos or\u00e7ament\u00e1rios.<\/p>\n<p>Veja o texto na \u00edntegra:<\/p>\n<p class=\"identifica\">PORTARIA N\u00ba 1.440, DE 27 DE AGOSTO DE 2019<\/p>\n<p class=\"ementa\">Suspende as atividades de Ag\u00eancias da Receita Federal do Brasil (ARF).<\/p>\n<p class=\"dou-paragraph\">O SECRET\u00c1RIO ESPECIAL DA RECEITA FEDERAL DO BRASIL, no uso das atribui\u00e7\u00f5es que lhe conferem os incisos III, XIII e XIV do art. 327 do Regimento Interno da Secretaria Especial da Receita Federal do Brasil, aprovado pela Portaria MF n\u00ba 430, de 9 de outubro de 2017, resolve:<\/p>\n<p class=\"dou-paragraph\">Art. 1\u00ba Ficam suspensas, a partir de 2 de setembro de 2019, as atividades das Ag\u00eancias da Receita Federal do Brasil (ARF) relacionadas no Anexo \u00danico desta Portaria, pelo prazo de 2 (dois) anos.<\/p>\n<p class=\"dou-paragraph\">\u00a7 1\u00ba Caber\u00e1 \u00e0 Coordena\u00e7\u00e3o-Geral de Atendimento (Cogea) adotar as medidas necess\u00e1rias ao cumprimento da suspens\u00e3o a que se refere o caput e a avaliar alternativas de atendimento.<\/p>\n<p class=\"dou-paragraph\">\u00a7 2\u00ba Os superintendentes da Secretaria Especial da Receita Federal do Brasil (RFB) das respectivas regi\u00f5es fiscais dever\u00e3o:<\/p>\n<p class=\"dou-paragraph\">I &#8211; adotar as provid\u00eancias necess\u00e1rias para as transfer\u00eancias de compet\u00eancias das unidades e das atribui\u00e7\u00f5es de seus titulares;<\/p>\n<p class=\"dou-paragraph\">II &#8211; autorizar, excepcionalmente, as remo\u00e7\u00f5es de of\u00edcio dos servidores lotados nas unidades relacionadas no Anexo \u00danico desta Portaria; e<\/p>\n<p class=\"dou-paragraph\">III &#8211; informar, at\u00e9 30 de agosto de 2019:<\/p>\n<p class=\"dou-paragraph\">a) \u00e0 Coordena\u00e7\u00e3o-Geral de Gest\u00e3o de Pessoas (Cogep), a rela\u00e7\u00e3o dos servidores a serem removidos, a exist\u00eancia de impacto or\u00e7ament\u00e1rio associado \u00e0s remo\u00e7\u00f5es e, se houver, seus respectivos valores; e<\/p>\n<p class=\"dou-paragraph\">b) \u00e0 Coordena\u00e7\u00e3o-Geral de Programa\u00e7\u00e3o e Log\u00edstica (Copol), os valores das despesas e os respectivos referenciais or\u00e7ament\u00e1rios impactados, se houver, vinculados \u00e0s ARF relacionadas no Anexo \u00danico desta Portaria.<\/p>\n<p class=\"dou-paragraph\">\u00a7 3\u00ba Para a autoriza\u00e7\u00e3o das remo\u00e7\u00f5es a que se refere o \u00a7 2\u00ba, dever\u00e1 ser observado o disposto no art. 8\u00ba da Portaria ME n\u00ba 424, de 21 de agosto de 2019.<\/p>\n<p class=\"dou-paragraph\">\u00a7 4\u00ba Os atos que determinarem as remo\u00e7\u00f5es a que se refere o \u00a7 2\u00ba dever\u00e3o ser publicados no Boletim de Servi\u00e7os da RFB at\u00e9 02 de setembro de 2019.<\/p>\n<p class=\"dou-paragraph\">Art. 2\u00ba Esta Portaria entra em vigor na data de sua publica\u00e7\u00e3o no Di\u00e1rio Oficial da Uni\u00e3o.<\/p>\n<p class=\"assina\">MARCOS CINTRA CAVALCANTI DE ALBUQUERQUE<\/p>\n<p class=\"anexo\">ANEXO \u00daNICO<\/p>\n<p class=\"dou-paragraph\">AG\u00caNCIAS DA SECRETARIA ESPECIAL DA RECEITA FEDERAL DO BRASIL COM ATIVIDADES SUSPENSAS A PARTIR DE 2 DE SETEMBRO DE 2019<\/p>\n<table class=\"dou-table\">\n<tbody>\n<tr>\n<td><\/td>\n<td>\n<p class=\"dou-paragraph\">Regi\u00e3o Fiscal<\/p>\n<\/td>\n<td>\n<p class=\"dou-paragraph\">Unidade<\/p>\n<\/td>\n<td>\n<p class=\"dou-paragraph\">Sigla<\/p>\n<\/td>\n<td>\n<p class=\"dou-paragraph\">UF<\/p>\n<\/td>\n<\/tr>\n<tr>\n<td>\n<p class=\"dou-paragraph\">1<\/p>\n<\/td>\n<td>\n<p class=\"dou-paragraph\">1\u00aa<\/p>\n<\/td>\n<td>\n<p class=\"dou-paragraph\">ARF &#8211; Luzi\u00e2nia<\/p>\n<\/td>\n<td>\n<p class=\"dou-paragraph\">ARF\/LUZ<\/p>\n<\/td>\n<td>\n<p class=\"dou-paragraph\">GO<\/p>\n<\/td>\n<\/tr>\n<tr>\n<td>\n<p class=\"dou-paragraph\">2<\/p>\n<\/td>\n<td>\n<p class=\"dou-paragraph\">5\u00aa<\/p>\n<\/td>\n<td>\n<p class=\"dou-paragraph\">ARF &#8211; Maca\u00fabas<\/p>\n<\/td>\n<td>\n<p class=\"dou-paragraph\">ARF\/MUS<\/p>\n<\/td>\n<td>\n<p class=\"dou-paragraph\">BA<\/p>\n<\/td>\n<\/tr>\n<tr>\n<td>\n<p class=\"dou-paragraph\">3<\/p>\n<\/td>\n<td>\n<p class=\"dou-paragraph\">5\u00aa<\/p>\n<\/td>\n<td>\n<p class=\"dou-paragraph\">ARF &#8211; Santa Maria da Vit\u00f3ria<\/p>\n<\/td>\n<td>\n<p class=\"dou-paragraph\">ARF\/SMV<\/p>\n<\/td>\n<td>\n<p class=\"dou-paragraph\">BA<\/p>\n<\/td>\n<\/tr>\n<tr>\n<td>\n<p class=\"dou-paragraph\">4<\/p>\n<\/td>\n<td>\n<p class=\"dou-paragraph\">5\u00aa<\/p>\n<\/td>\n<td>\n<p class=\"dou-paragraph\">ARF &#8211; Valen\u00e7a<\/p>\n<\/td>\n<td>\n<p class=\"dou-paragraph\">ARF\/VAL<\/p>\n<\/td>\n<td>\n<p class=\"dou-paragraph\">BA<\/p>\n<\/td>\n<\/tr>\n<tr>\n<td>\n<p class=\"dou-paragraph\">5<\/p>\n<\/td>\n<td>\n<p class=\"dou-paragraph\">10\u00aa<\/p>\n<\/td>\n<td>\n<p class=\"dou-paragraph\">ARF &#8211; S\u00e3o Louren\u00e7o do Sul<\/p>\n<\/td>\n<td>\n<p class=\"dou-paragraph\">ARF\/SLR<\/p>\n<\/td>\n<td>\n<p class=\"dou-paragraph\">RS<\/p>\n<\/td>\n<\/tr>\n<\/tbody>\n<\/table>\n","protected":false},"excerpt":{"rendered":"<p>Por meio da Portaria 1.440, publicada hoje no Di\u00e1rio Oficial da Uni\u00e3o (DOU), o secret\u00e1rio Marcos Cintra encerra a atividade em alguns locais, nos tr\u00eas Estados, j\u00e1 a partir de 2 de setembro, pelo prazo de dois ano At\u00e9 amanh\u00e3 (30 de agosto), a\u00a0Coordena\u00e7\u00e3o-Geral de Gest\u00e3o de Pessoas (Cogep) ter\u00e1 que apresentar a rela\u00e7\u00e3o dos servidores que ser\u00e3o removidos, o [&hellip;]<\/p>\n","protected":false},"author":27,"featured_media":0,"comment_status":"open","ping_status":"closed","sticky":false,"template":"","format":"standard","meta":{"footnotes":""},"categories":[2719],"tags":[879,3454,755,15973,15974,1769,4471,812,294,995,4462,58,815],"class_list":["post-13687","post","type-post","status-publish","format-standard","hentry","category-servidor","tag-agencias","tag-atividade","tag-bahia","tag-cogep","tag-copol","tag-dou","tag-fechamento","tag-goias","tag-receita-federal","tag-remocao","tag-rio-grande-do-sul","tag-servidores","tag-superintendente"],"_links":{"self":[{"href":"https:\/\/blogs.correiobraziliense.com.br\/servidor\/wp-json\/wp\/v2\/posts\/13687","targetHints":{"allow":["GET"]}}],"collection":[{"href":"https:\/\/blogs.correiobraziliense.com.br\/servidor\/wp-json\/wp\/v2\/posts"}],"about":[{"href":"https:\/\/blogs.correiobraziliense.com.br\/servidor\/wp-json\/wp\/v2\/types\/post"}],"author":[{"embeddable":true,"href":"https:\/\/blogs.correiobraziliense.com.br\/servidor\/wp-json\/wp\/v2\/users\/27"}],"replies":[{"embeddable":true,"href":"https:\/\/blogs.correiobraziliense.com.br\/servidor\/wp-json\/wp\/v2\/comments?post=13687"}],"version-history":[{"count":1,"href":"https:\/\/blogs.correiobraziliense.com.br\/servidor\/wp-json\/wp\/v2\/posts\/13687\/revisions"}],"predecessor-version":[{"id":13689,"href":"https:\/\/blogs.correiobraziliense.com.br\/servidor\/wp-json\/wp\/v2\/posts\/13687\/revisions\/13689"}],"wp:attachment":[{"href":"https:\/\/blogs.correiobraziliense.com.br\/servidor\/wp-json\/wp\/v2\/media?parent=13687"}],"wp:term":[{"taxonomy":"category","embeddable":true,"href":"https:\/\/blogs.correiobraziliense.com.br\/servidor\/wp-json\/wp\/v2\/categories?post=13687"},{"taxonomy":"post_tag","embeddable":true,"href":"https:\/\/blogs.correiobraziliense.com.br\/servidor\/wp-json\/wp\/v2\/tags?post=13687"}],"curies":[{"name":"wp","href":"https:\/\/api.w.org\/{rel}","templated":true}]}}