{"id":13680,"date":"2019-08-28T19:49:49","date_gmt":"2019-08-28T22:49:49","guid":{"rendered":"https:\/\/blogs.correiobraziliense.com.br\/servidor\/?p=13680"},"modified":"2019-08-28T19:49:49","modified_gmt":"2019-08-28T22:49:49","slug":"centrais-sindicais-aderem-ao-grito-dos-excluidos-no-dia-7-de-setembro","status":"publish","type":"post","link":"https:\/\/blogs.correiobraziliense.com.br\/servidor\/centrais-sindicais-aderem-ao-grito-dos-excluidos-no-dia-7-de-setembro\/","title":{"rendered":"Centrais sindicais aderem ao Grito dos Exclu\u00eddos, no dia 7 de setembro"},"content":{"rendered":"<p><em>Reunidas na sede do Departamento Intersindical de Estat\u00edstica e Estudos Socioecon\u00f4micos (Dieese), em S\u00e3o Paulo, as centrais sindicais \u2013 CUT, CGTB, CSB, CSP Conlutas, CTB, For\u00e7a Sindical, Intersindical, Nova Central Sindical e UGT \u2013 definiram uma agenda de luta em defesa da Previd\u00eancia e v\u00e3o potencializar o Grito dos Exclu\u00eddos, no dia 7 de setembro, em todo pa\u00eds<\/em><\/p>\n<p>No dia 3 de setembro, os representantes das centrais far\u00e3o uma mobiliza\u00e7\u00e3o no Senado, onde a Proposta de Emenda \u00e0 Constitui\u00e7\u00e3o (PEC) n\u00ba 06\/2019, aprovada na C\u00e2mara dos Deputados, est\u00e1 tramitando. As lideran\u00e7as sindicais v\u00e3o conversar com os senadores e pression\u00e1-los para votar em defesa da classe trabalhadora e contra a dificuldade de concess\u00e3o de benef\u00edcios previdenci\u00e1rios.<\/p>\n<p>No dia 4, os dirigentes centrais participar\u00e3o de um semin\u00e1rio sobre a soberania nacional, na C\u00e2mara dos Deputados, em Bras\u00edlia. O evento, organizado pelas frentes Brasil Popular e Povo Sem Medo, vai debater quest\u00f5es relativas ao patrim\u00f4nio p\u00fablico, produ\u00e7\u00e3o cient\u00edfica e riquezas naturais.<\/p>\n<p>Est\u00e1 previsto, ainda, um ato nacional antes do dia 24 de setembro, data que est\u00e1 prevista a vota\u00e7\u00e3o da reforma da Previd\u00eancia no Senado. Para decidir a data deste ato, os dirigentes ir\u00e3o consultar os trabalhadores e as trabalhadoras.<\/p>\n<p>Miguel Torres, presidente da For\u00e7a Sindical considera fundamental que os trabalhadores participem dessas atividades em todo o Brasil. \u201cNa data de nossa independ\u00eancia temos que fazer o debate sobre emprego, direitos sociais, soberania, e democracia\u201d, pontuou o sindicalista.<\/p>\n<p>Torres diz ainda que a Central est\u00e1 orientando os sindicatos filiados para que, juntamente com outras entidades, estejam presentes no grito dos exclu\u00eddos.<\/p>\n<p>Para o Secret\u00e1rio-Geral da CUT, Sergio Nobre, a luta contra a reforma da Previd\u00eancia \u00e9 o carro chefe das mobiliza\u00e7\u00f5es das principais centrais sindicais do pa\u00eds e por isso a press\u00e3o sobre os senadores \u00e9 tarefa permanente de todo trabalhador e toda trabalhadora.<\/p>\n<p>Segundo ele, a press\u00e3o pode ser feita nas ruas, nas bases destes parlamentares, de forma digital, pelo \u2018napress\u00e3o\u2019, e tamb\u00e9m participando das mobiliza\u00e7\u00f5es nacionais.<\/p>\n<p>\u201c\u00c9 muito importante que o dia 7 tenha grandes atos no pa\u00eds inteiro, nos munic\u00edpios, nos bairros e nas grandes capitais para impulsionar a press\u00e3o contra o governo de Bolsonaro e contra aqueles que querem destruir a Previd\u00eancia Social e p\u00fablica na vota\u00e7\u00e3o do dia 24\u201d, afirmou.<\/p>\n<p>S\u00e9rgio Nobre afirma que participar do Grito dos Exclu\u00eddos tem tudo a ver com este cen\u00e1rio que estamos vivendo, com um governo que ataca desde a soberania, as riquezas do pa\u00eds e os empregos at\u00e9 os direitos dos negros, dos LGBTs e dos trabalhadores e as trabalhadoras.<\/p>\n<p>\u201cS\u00f3 unidos e com muita press\u00e3o \u00e9 que n\u00f3s teremos todas as condi\u00e7\u00f5es de modificar este projeto, que ainda est\u00e1 muito ruim. E se alterado, o debate volta para C\u00e2mara e ser\u00e1 uma grande derrota para o governo e um passo importante na luta contra retirada de direitos\u201d, disse.<\/p>\n","protected":false},"excerpt":{"rendered":"<p>Reunidas na sede do Departamento Intersindical de Estat\u00edstica e Estudos Socioecon\u00f4micos (Dieese), em S\u00e3o Paulo, as centrais sindicais \u2013 CUT, CGTB, CSB, CSP Conlutas, CTB, For\u00e7a Sindical, Intersindical, Nova Central Sindical e UGT \u2013 definiram uma agenda de luta em defesa da Previd\u00eancia e v\u00e3o potencializar o Grito dos Exclu\u00eddos, no dia 7 de setembro, em todo pa\u00eds No dia [&hellip;]<\/p>\n","protected":false},"author":27,"featured_media":0,"comment_status":"open","ping_status":"closed","sticky":false,"template":"","format":"standard","meta":{"footnotes":""},"categories":[2719],"tags":[15972,6,1101,15971,263,9727],"class_list":["post-13680","post","type-post","status-publish","format-standard","hentry","category-servidor","tag-7-de-setembro","tag-aposentadoria","tag-centrais-sindicais","tag-grito-dos-excluidos","tag-independencia","tag-reforma-da-previdencia"],"_links":{"self":[{"href":"https:\/\/blogs.correiobraziliense.com.br\/servidor\/wp-json\/wp\/v2\/posts\/13680","targetHints":{"allow":["GET"]}}],"collection":[{"href":"https:\/\/blogs.correiobraziliense.com.br\/servidor\/wp-json\/wp\/v2\/posts"}],"about":[{"href":"https:\/\/blogs.correiobraziliense.com.br\/servidor\/wp-json\/wp\/v2\/types\/post"}],"author":[{"embeddable":true,"href":"https:\/\/blogs.correiobraziliense.com.br\/servidor\/wp-json\/wp\/v2\/users\/27"}],"replies":[{"embeddable":true,"href":"https:\/\/blogs.correiobraziliense.com.br\/servidor\/wp-json\/wp\/v2\/comments?post=13680"}],"version-history":[{"count":1,"href":"https:\/\/blogs.correiobraziliense.com.br\/servidor\/wp-json\/wp\/v2\/posts\/13680\/revisions"}],"predecessor-version":[{"id":13681,"href":"https:\/\/blogs.correiobraziliense.com.br\/servidor\/wp-json\/wp\/v2\/posts\/13680\/revisions\/13681"}],"wp:attachment":[{"href":"https:\/\/blogs.correiobraziliense.com.br\/servidor\/wp-json\/wp\/v2\/media?parent=13680"}],"wp:term":[{"taxonomy":"category","embeddable":true,"href":"https:\/\/blogs.correiobraziliense.com.br\/servidor\/wp-json\/wp\/v2\/categories?post=13680"},{"taxonomy":"post_tag","embeddable":true,"href":"https:\/\/blogs.correiobraziliense.com.br\/servidor\/wp-json\/wp\/v2\/tags?post=13680"}],"curies":[{"name":"wp","href":"https:\/\/api.w.org\/{rel}","templated":true}]}}