{"id":1368,"date":"2016-03-23T20:43:52","date_gmt":"2016-03-23T23:43:52","guid":{"rendered":"https:\/\/blogs.correiobraziliense.com.br\/servidor\/?p=1368"},"modified":"2016-03-23T20:44:42","modified_gmt":"2016-03-23T23:44:42","slug":"pessoal-do-fisco-assinam-acordo","status":"publish","type":"post","link":"https:\/\/blogs.correiobraziliense.com.br\/servidor\/pessoal-do-fisco-assinam-acordo\/","title":{"rendered":"PESSOAL DO FISCO ASSINA ACORDO"},"content":{"rendered":"<p>Finalmente, auditores fiscais e analistas tribut\u00e1rios da Receita Federal assinaram a proposta do governo, com reajuste de 21,3%, em quatro anos at\u00e9 2019, mais um b\u00f4nus de efici\u00eancia de R$ 3 mil e R$ 1,8 mil mensais,\u00a0 respectivamente. A popula\u00e7\u00e3o agora ter\u00e1 as garras do Le\u00e3o afiadas e funcionando aparentemente dentro da normalidade. O compasso ou o equil\u00edbrio dessa &#8220;normalidade&#8221;, no entanto, \u00e9 lento. A queda de bra\u00e7o entre as duas principais carreiras do Fisco ainda n\u00e3o chegou ao fim. A briga por honra, poder e gl\u00f3ria vai continuar no Congresso Nacional, pelas atribui\u00e7\u00f5es exclusivas ou a serem compartilhadas por cada uma delas.<\/p>\n<p>&nbsp;<\/p>\n","protected":false},"excerpt":{"rendered":"<p>Finalmente, auditores fiscais e analistas tribut\u00e1rios da Receita Federal assinaram a proposta do governo, com reajuste de 21,3%, em quatro anos at\u00e9 2019, mais um b\u00f4nus de efici\u00eancia de R$ 3 mil e R$ 1,8 mil mensais,\u00a0 respectivamente. A popula\u00e7\u00e3o agora ter\u00e1 as garras do Le\u00e3o afiadas e funcionando aparentemente dentro da normalidade. O compasso ou o equil\u00edbrio dessa &#8220;normalidade&#8221;, [&hellip;]<\/p>\n","protected":false},"author":27,"featured_media":0,"comment_status":"open","ping_status":"closed","sticky":false,"template":"","format":"standard","meta":{"footnotes":""},"categories":[1],"tags":[112,381,286,31,1502,100,247,1153],"class_list":["post-1368","post","type-post","status-publish","format-standard","hentry","category-sem-categoria","tag-acordo","tag-analistas","tag-assinam","tag-auditores","tag-briga","tag-congresso","tag-fisco","tag-pessoal"],"_links":{"self":[{"href":"https:\/\/blogs.correiobraziliense.com.br\/servidor\/wp-json\/wp\/v2\/posts\/1368","targetHints":{"allow":["GET"]}}],"collection":[{"href":"https:\/\/blogs.correiobraziliense.com.br\/servidor\/wp-json\/wp\/v2\/posts"}],"about":[{"href":"https:\/\/blogs.correiobraziliense.com.br\/servidor\/wp-json\/wp\/v2\/types\/post"}],"author":[{"embeddable":true,"href":"https:\/\/blogs.correiobraziliense.com.br\/servidor\/wp-json\/wp\/v2\/users\/27"}],"replies":[{"embeddable":true,"href":"https:\/\/blogs.correiobraziliense.com.br\/servidor\/wp-json\/wp\/v2\/comments?post=1368"}],"version-history":[{"count":2,"href":"https:\/\/blogs.correiobraziliense.com.br\/servidor\/wp-json\/wp\/v2\/posts\/1368\/revisions"}],"predecessor-version":[{"id":1370,"href":"https:\/\/blogs.correiobraziliense.com.br\/servidor\/wp-json\/wp\/v2\/posts\/1368\/revisions\/1370"}],"wp:attachment":[{"href":"https:\/\/blogs.correiobraziliense.com.br\/servidor\/wp-json\/wp\/v2\/media?parent=1368"}],"wp:term":[{"taxonomy":"category","embeddable":true,"href":"https:\/\/blogs.correiobraziliense.com.br\/servidor\/wp-json\/wp\/v2\/categories?post=1368"},{"taxonomy":"post_tag","embeddable":true,"href":"https:\/\/blogs.correiobraziliense.com.br\/servidor\/wp-json\/wp\/v2\/tags?post=1368"}],"curies":[{"name":"wp","href":"https:\/\/api.w.org\/{rel}","templated":true}]}}