{"id":13656,"date":"2019-08-26T19:56:33","date_gmt":"2019-08-26T22:56:33","guid":{"rendered":"https:\/\/blogs.correiobraziliense.com.br\/servidor\/?p=13656"},"modified":"2019-08-26T19:56:33","modified_gmt":"2019-08-26T22:56:33","slug":"tcu-irregularidades-na-concessao-manutencao-e-pagamento-de-beneficios-sociais","status":"publish","type":"post","link":"https:\/\/blogs.correiobraziliense.com.br\/servidor\/tcu-irregularidades-na-concessao-manutencao-e-pagamento-de-beneficios-sociais\/","title":{"rendered":"TCU &#8211; Irregularidades na concess\u00e3o, manuten\u00e7\u00e3o e pagamento de benef\u00edcios sociais"},"content":{"rendered":"<p><em>Relat\u00f3rio da Secretaria de Controle Externo da Previd\u00eancia do Tribunal de Contas da Uni\u00e3o (TCU) constatou falhas na gest\u00e3o e distribui\u00e7\u00e3o dos benef\u00edcios sociais<\/em><\/p>\n<p>De acordo com o relat\u00f3rio, foram identificadas irregularidades tais como: pagamentos acima do teto previdenci\u00e1rio no Regime Geral da Previd\u00eancia Social (RGPS), acumula\u00e7\u00e3o indevida de benef\u00edcios d INSS (Instituto Nacional do Seguro Social), cadastro de pessoas com documento titular inv\u00e1lido. Nos benef\u00edcios trabalhistas, o TCU encontrou pagamentos de Seguro Desemprego a benefici\u00e1rios j\u00e1 falecidos.<\/p>\n<p>Al\u00e9m dos previdenci\u00e1rios e trabalhistas, os assistenciais tamb\u00e9m fizeram parte da auditoria. O Programa Bolsa Fam\u00edlia se destaca pela quantidade de cadastrados com renda formal acima do limite permitido &#8211; mais de 200 mil pessoas. H\u00e1, ainda, mais de 11 mil assistidos com ind\u00edcios de serem pessoas j\u00e1 falecidas, e mais de 40 mil casos que recebem o benef\u00edcio ao mesmo tempo que s\u00e3o s\u00f3cios de empresa com alto capital social.<\/p>\n<p>&nbsp;<\/p>\n","protected":false},"excerpt":{"rendered":"<p>Relat\u00f3rio da Secretaria de Controle Externo da Previd\u00eancia do Tribunal de Contas da Uni\u00e3o (TCU) constatou falhas na gest\u00e3o e distribui\u00e7\u00e3o dos benef\u00edcios sociais De acordo com o relat\u00f3rio, foram identificadas irregularidades tais como: pagamentos acima do teto previdenci\u00e1rio no Regime Geral da Previd\u00eancia Social (RGPS), acumula\u00e7\u00e3o indevida de benef\u00edcios d INSS (Instituto Nacional do Seguro Social), cadastro de pessoas [&hellip;]<\/p>\n","protected":false},"author":27,"featured_media":0,"comment_status":"open","ping_status":"closed","sticky":false,"template":"","format":"standard","meta":{"footnotes":""},"categories":[2719],"tags":[3370,2405,3222,15966,709,15967,3534,804,2986,4450,315,11,353,3010,590,1140,15636,635,2979,408],"class_list":["post-13656","post","type-post","status-publish","format-standard","hentry","category-servidor","tag-acumulacao","tag-assistidos","tag-auditoria","tag-beneficios-sociais","tag-bolsa-familia","tag-capital-social","tag-distribuicao","tag-documento","tag-empresa","tag-falhas","tag-gestao","tag-inss","tag-irregularidades","tag-previdenciario","tag-rgps","tag-seguro-desemprego","tag-socios","tag-tcu","tag-titular","tag-trabalhistas"],"_links":{"self":[{"href":"https:\/\/blogs.correiobraziliense.com.br\/servidor\/wp-json\/wp\/v2\/posts\/13656","targetHints":{"allow":["GET"]}}],"collection":[{"href":"https:\/\/blogs.correiobraziliense.com.br\/servidor\/wp-json\/wp\/v2\/posts"}],"about":[{"href":"https:\/\/blogs.correiobraziliense.com.br\/servidor\/wp-json\/wp\/v2\/types\/post"}],"author":[{"embeddable":true,"href":"https:\/\/blogs.correiobraziliense.com.br\/servidor\/wp-json\/wp\/v2\/users\/27"}],"replies":[{"embeddable":true,"href":"https:\/\/blogs.correiobraziliense.com.br\/servidor\/wp-json\/wp\/v2\/comments?post=13656"}],"version-history":[{"count":1,"href":"https:\/\/blogs.correiobraziliense.com.br\/servidor\/wp-json\/wp\/v2\/posts\/13656\/revisions"}],"predecessor-version":[{"id":13657,"href":"https:\/\/blogs.correiobraziliense.com.br\/servidor\/wp-json\/wp\/v2\/posts\/13656\/revisions\/13657"}],"wp:attachment":[{"href":"https:\/\/blogs.correiobraziliense.com.br\/servidor\/wp-json\/wp\/v2\/media?parent=13656"}],"wp:term":[{"taxonomy":"category","embeddable":true,"href":"https:\/\/blogs.correiobraziliense.com.br\/servidor\/wp-json\/wp\/v2\/categories?post=13656"},{"taxonomy":"post_tag","embeddable":true,"href":"https:\/\/blogs.correiobraziliense.com.br\/servidor\/wp-json\/wp\/v2\/tags?post=13656"}],"curies":[{"name":"wp","href":"https:\/\/api.w.org\/{rel}","templated":true}]}}