{"id":13651,"date":"2019-08-26T19:08:47","date_gmt":"2019-08-26T22:08:47","guid":{"rendered":"https:\/\/blogs.correiobraziliense.com.br\/servidor\/?p=13651"},"modified":"2019-08-26T19:08:47","modified_gmt":"2019-08-26T22:08:47","slug":"policia-federal-capacitacao-de-servidores-no-combate-a-corrupcao","status":"publish","type":"post","link":"https:\/\/blogs.correiobraziliense.com.br\/servidor\/policia-federal-capacitacao-de-servidores-no-combate-a-corrupcao\/","title":{"rendered":"Pol\u00edcia Federal &#8211; Capacita\u00e7\u00e3o de servidores no combate \u00e0 corrup\u00e7\u00e3o"},"content":{"rendered":"<p><em>Pol\u00edcia Federal far\u00e1, amanh\u00e3 (27 de agosto), o Semin\u00e1rio Sobre M\u00e9todos Modernos no Combate \u00e0 Corrup\u00e7\u00e3o. O objetivo, segundo o \u00f3rg\u00e3o, \u00e9 fortalecer a capacita\u00e7\u00e3o dos servidores no combate \u00e0s diversas forma de corrup\u00e7\u00e3o<\/em><\/p>\n<p>A PF informou que a cerim\u00f4nia de abertura ser\u00e1 no Audit\u00f3rio Tancredo Neves, no Pal\u00e1cio da Justi\u00e7a, \u00e0s 11 horas,\u00a0 com a presen\u00e7a do ministro da Justi\u00e7a e Seguran\u00e7a P\u00fablica, Sergio Moro, ministro da Controladoria-Geral da Uni\u00e3o, Wagner de Campos Ros\u00e1rio, advogado-geral da Uni\u00e3o Substituto, Renato de Lima Fran\u00e7a, e do diretor-geral da Pol\u00edcia Federal, Maur\u00edcio Leite Valeixo.<\/p>\n<p>Tamb\u00e9m estar\u00e3o presentes o diretor de Investiga\u00e7\u00e3o e Combate ao Crime Organizado, Igor Rom\u00e1rio de Paula, o secret\u00e1rio Executivo do Minist\u00e9rio da Justi\u00e7a e Seguran\u00e7a P\u00fablica, Luiz Pontel de Souza, e o secret\u00e1rio Nacional de Pol\u00edticas sobre Drogas, Luiz Roberto Beggiora.<\/p>\n<p>O semin\u00e1rio enfatizar\u00e1 a combina\u00e7\u00e3o de aspectos de preven\u00e7\u00e3o e repress\u00e3o \u00e0 corrup\u00e7\u00e3o para o fortalecimento do v\u00ednculo entre esses dois pontos e a necessidade de sinergia entre os atores, ressaltando a import\u00e2ncia de trabalho coordenado, mas de forma consciente, em rela\u00e7\u00e3o \u00e0s atribui\u00e7\u00f5es dos \u00f3rg\u00e3os.<\/p>\n","protected":false},"excerpt":{"rendered":"<p>Pol\u00edcia Federal far\u00e1, amanh\u00e3 (27 de agosto), o Semin\u00e1rio Sobre M\u00e9todos Modernos no Combate \u00e0 Corrup\u00e7\u00e3o. O objetivo, segundo o \u00f3rg\u00e3o, \u00e9 fortalecer a capacita\u00e7\u00e3o dos servidores no combate \u00e0s diversas forma de corrup\u00e7\u00e3o A PF informou que a cerim\u00f4nia de abertura ser\u00e1 no Audit\u00f3rio Tancredo Neves, no Pal\u00e1cio da Justi\u00e7a, \u00e0s 11 horas,\u00a0 com a presen\u00e7a do ministro da [&hellip;]<\/p>\n","protected":false},"author":27,"featured_media":0,"comment_status":"open","ping_status":"closed","sticky":false,"template":"","format":"standard","meta":{"footnotes":""},"categories":[2719],"tags":[3866,204,205,11200,5414,33,319,104,3596,3233,267,58],"class_list":["post-13651","post","type-post","status-publish","format-standard","hentry","category-servidor","tag-capacitacao","tag-combate","tag-corrupcao","tag-crime-organizado","tag-drogas","tag-ministros","tag-pf","tag-policia-federal","tag-prevencao","tag-repressao","tag-seminario","tag-servidores"],"_links":{"self":[{"href":"https:\/\/blogs.correiobraziliense.com.br\/servidor\/wp-json\/wp\/v2\/posts\/13651","targetHints":{"allow":["GET"]}}],"collection":[{"href":"https:\/\/blogs.correiobraziliense.com.br\/servidor\/wp-json\/wp\/v2\/posts"}],"about":[{"href":"https:\/\/blogs.correiobraziliense.com.br\/servidor\/wp-json\/wp\/v2\/types\/post"}],"author":[{"embeddable":true,"href":"https:\/\/blogs.correiobraziliense.com.br\/servidor\/wp-json\/wp\/v2\/users\/27"}],"replies":[{"embeddable":true,"href":"https:\/\/blogs.correiobraziliense.com.br\/servidor\/wp-json\/wp\/v2\/comments?post=13651"}],"version-history":[{"count":1,"href":"https:\/\/blogs.correiobraziliense.com.br\/servidor\/wp-json\/wp\/v2\/posts\/13651\/revisions"}],"predecessor-version":[{"id":13652,"href":"https:\/\/blogs.correiobraziliense.com.br\/servidor\/wp-json\/wp\/v2\/posts\/13651\/revisions\/13652"}],"wp:attachment":[{"href":"https:\/\/blogs.correiobraziliense.com.br\/servidor\/wp-json\/wp\/v2\/media?parent=13651"}],"wp:term":[{"taxonomy":"category","embeddable":true,"href":"https:\/\/blogs.correiobraziliense.com.br\/servidor\/wp-json\/wp\/v2\/categories?post=13651"},{"taxonomy":"post_tag","embeddable":true,"href":"https:\/\/blogs.correiobraziliense.com.br\/servidor\/wp-json\/wp\/v2\/tags?post=13651"}],"curies":[{"name":"wp","href":"https:\/\/api.w.org\/{rel}","templated":true}]}}