{"id":13633,"date":"2019-08-22T12:15:25","date_gmt":"2019-08-22T15:15:25","guid":{"rendered":"https:\/\/blogs.correiobraziliense.com.br\/servidor\/?p=13633"},"modified":"2019-08-22T12:25:39","modified_gmt":"2019-08-22T15:25:39","slug":"ministerio-da-economia-deixa-servidores-da-pasta-sem-concurso-sem-treinamento-e-sem-cafe","status":"publish","type":"post","link":"https:\/\/blogs.correiobraziliense.com.br\/servidor\/ministerio-da-economia-deixa-servidores-da-pasta-sem-concurso-sem-treinamento-e-sem-cafe\/","title":{"rendered":"Minist\u00e9rio da Economia deixa servidores da pasta sem concurso, sem treinamento e sem caf\u00e9"},"content":{"rendered":"<p>O Minist\u00e9rio da Economia publicou no <em>Di\u00e1rio Oficial da Uni\u00e3o<\/em> (DOU), a Portaria 424, de racionaliza\u00e7\u00e3o de gastos e redu\u00e7\u00e3o de despesas para 2019, dentro do pr\u00f3prio minist\u00e9rio, autarquias e funda\u00e7\u00f5es vinculadas. O ME, esse ano, incorporou atribui\u00e7\u00f5es dos antigos minist\u00e9rio do Planejamento, Ind\u00fastria e Com\u00e9rcio, Trabalho, Previd\u00eancia e Fazenda<\/p>\n<p>Veja a Portaria n\u00ba 424, de 21 de agosto de 2019:<\/p>\n<p><em>&#8220;O MINISTRO DE ESTADO DA ECONOMIA, no uso das atribui\u00e7\u00f5es que lhe conferem os incisos I e IV do par\u00e1grafo \u00fanico do art. 87 da Constitui\u00e7\u00e3o Federal, considerando a necessidade de preservar os servi\u00e7os de fiscaliza\u00e7\u00e3o, arrecada\u00e7\u00e3o e a manuten\u00e7\u00e3o dos sistemas de Tecnologia da Informa\u00e7\u00e3o (TI) relacionados a Gest\u00e3o Corporativa; Sistemas Estruturadores; Arrecada\u00e7\u00e3o Tribut\u00e1ria e Aduaneira; Fazenda P\u00fablica e Folha de Pagamento da Previd\u00eancia Social, resolve:<\/em><\/p>\n<p><em>Art. 1\u00ba Esta Portaria disp\u00f5e sobre medidas de racionaliza\u00e7\u00e3o de gastos e redu\u00e7\u00e3o de despesas para o exerc\u00edcio de 2019 no \u00e2mbito do Minist\u00e9rio da Economia, autarquias e funda\u00e7\u00f5es vinculadas.<\/em><\/p>\n<p><em>Art. 2\u00ba A despesa a ser empenhada com a contrata\u00e7\u00e3o de bens e servi\u00e7os e a concess\u00e3o de di\u00e1rias e passagens nacionais, nos itens e naturezas de despesa especificados no Anexo I desta Portaria, no \u00e2mbito das unidades do Minist\u00e9rio da Economia, autarquias e funda\u00e7\u00f5es vinculadas, no exerc\u00edcio de 2019, dever\u00e1 observar o novo limite de empenho, conforme estabelecido no Anexo II desta Portaria.<\/em><\/p>\n<p><em>Par\u00e1grafo \u00fanico. O limite de que trata o caput n\u00e3o se aplica \u00e0s:<\/em><\/p>\n<p><em>I \u2013 despesas custeadas com recursos de doa\u00e7\u00f5es, conv\u00eanios e acordos em geral; e<\/em><\/p>\n<p><em>II- despesas com a concess\u00e3o de di\u00e1rias e passagens nacionais classificadas nas subfun\u00e7\u00f5es or\u00e7ament\u00e1rias de normatiza\u00e7\u00e3o e fiscaliza\u00e7\u00e3o, bem como de representa\u00e7\u00e3o judicial e extrajudicial.<\/em><\/p>\n<p><em>Art. 3\u00ba Fica suspensa, no exerc\u00edcio de 2019, a realiza\u00e7\u00e3o de novas contrata\u00e7\u00f5es relacionadas a:<\/em><\/p>\n<p><em>I \u2013 servi\u00e7os de consultoria;<\/em><\/p>\n<p><em>II \u2013 treinamento e capacita\u00e7\u00e3o de servidores;<\/em><\/p>\n<p><em>III \u2013 est\u00e1gio remunerado;<\/em><\/p>\n<p><em>IV \u2013 m\u00e3o de obra terceirizada;<\/em><\/p>\n<p><em>V \u2013 aquisi\u00e7\u00e3o de bens e mobili\u00e1rio;<\/em><\/p>\n<p><em>VI \u2013 obras, servi\u00e7os de engenharia, melhorias f\u00edsicas e altera\u00e7\u00f5es de leiaute;<\/em><\/p>\n<p><em>VII \u2013 desenvolvimento de software e solu\u00e7\u00f5es de inform\u00e1tica;<\/em><\/p>\n<p><em>VIII \u2013 di\u00e1rias e passagens internacionais;<\/em><\/p>\n<p><em>IX \u2013 insumos e m\u00e1quinas de caf\u00e9; e<\/em><\/p>\n<p><em>X \u2013 servi\u00e7os de telefonia m\u00f3vel e pacote de dados para servidores, exceto para atividades de fiscaliza\u00e7\u00e3o.&#8221;<\/em><\/p>\n","protected":false},"excerpt":{"rendered":"<p>O Minist\u00e9rio da Economia publicou no Di\u00e1rio Oficial da Uni\u00e3o (DOU), a Portaria 424, de racionaliza\u00e7\u00e3o de gastos e redu\u00e7\u00e3o de despesas para 2019, dentro do pr\u00f3prio minist\u00e9rio, autarquias e funda\u00e7\u00f5es vinculadas. O ME, esse ano, incorporou atribui\u00e7\u00f5es dos antigos minist\u00e9rio do Planejamento, Ind\u00fastria e Com\u00e9rcio, Trabalho, Previd\u00eancia e Fazenda Veja a Portaria n\u00ba 424, de 21 de agosto de [&hellip;]<\/p>\n","protected":false},"author":27,"featured_media":13636,"comment_status":"open","ping_status":"closed","sticky":false,"template":"","format":"standard","meta":{"footnotes":""},"categories":[2719],"tags":[828,3866,23,1841,235,1753,1769,1159,1169,14327,7776,58,5724,2822],"class_list":["post-13633","post","type-post","status-publish","format-standard","has-post-thumbnail","hentry","category-servidor","tag-cafe","tag-capacitacao","tag-concursos","tag-consultoria","tag-despesas","tag-diarias","tag-dou","tag-estagio","tag-gastos","tag-ministerio-da-economia","tag-racionalizacao","tag-servidores","tag-treinamento","tag-viagens"],"_links":{"self":[{"href":"https:\/\/blogs.correiobraziliense.com.br\/servidor\/wp-json\/wp\/v2\/posts\/13633","targetHints":{"allow":["GET"]}}],"collection":[{"href":"https:\/\/blogs.correiobraziliense.com.br\/servidor\/wp-json\/wp\/v2\/posts"}],"about":[{"href":"https:\/\/blogs.correiobraziliense.com.br\/servidor\/wp-json\/wp\/v2\/types\/post"}],"author":[{"embeddable":true,"href":"https:\/\/blogs.correiobraziliense.com.br\/servidor\/wp-json\/wp\/v2\/users\/27"}],"replies":[{"embeddable":true,"href":"https:\/\/blogs.correiobraziliense.com.br\/servidor\/wp-json\/wp\/v2\/comments?post=13633"}],"version-history":[{"count":3,"href":"https:\/\/blogs.correiobraziliense.com.br\/servidor\/wp-json\/wp\/v2\/posts\/13633\/revisions"}],"predecessor-version":[{"id":13637,"href":"https:\/\/blogs.correiobraziliense.com.br\/servidor\/wp-json\/wp\/v2\/posts\/13633\/revisions\/13637"}],"wp:featuredmedia":[{"embeddable":true,"href":"https:\/\/blogs.correiobraziliense.com.br\/servidor\/wp-json\/wp\/v2\/media\/13636"}],"wp:attachment":[{"href":"https:\/\/blogs.correiobraziliense.com.br\/servidor\/wp-json\/wp\/v2\/media?parent=13633"}],"wp:term":[{"taxonomy":"category","embeddable":true,"href":"https:\/\/blogs.correiobraziliense.com.br\/servidor\/wp-json\/wp\/v2\/categories?post=13633"},{"taxonomy":"post_tag","embeddable":true,"href":"https:\/\/blogs.correiobraziliense.com.br\/servidor\/wp-json\/wp\/v2\/tags?post=13633"}],"curies":[{"name":"wp","href":"https:\/\/api.w.org\/{rel}","templated":true}]}}