{"id":13615,"date":"2019-08-20T12:35:52","date_gmt":"2019-08-20T15:35:52","guid":{"rendered":"https:\/\/blogs.correiobraziliense.com.br\/servidor\/?p=13615"},"modified":"2019-08-20T12:35:52","modified_gmt":"2019-08-20T15:35:52","slug":"mais-de-80-dos-servidores-da-camara-tem-especializacao-mestrado-ou-doutorado","status":"publish","type":"post","link":"https:\/\/blogs.correiobraziliense.com.br\/servidor\/mais-de-80-dos-servidores-da-camara-tem-especializacao-mestrado-ou-doutorado\/","title":{"rendered":"Mais de 80% dos servidores da C\u00e2mara t\u00eam especializa\u00e7\u00e3o, mestrado ou doutorado"},"content":{"rendered":"<p><em>Estudo do Sindilegis aponta que os funcion\u00e1rios da C\u00e2mara se destacam pela qualifica\u00e7\u00e3o t\u00e9cnica, superiores \u00e0 m\u00e9dia nacional, e conciliam vida profissional e acad\u00eamica em busca de constante aperfei\u00e7oamento<\/em><\/p>\n<p>Em recente levantamento, na C\u00e2mara dos Deputados, o Sindilegis avaliou os perfis dos servidores efetivos. A pesquisa apontou que 83% do quadro \u00e9 composto por especialistas, mestres e doutores.\u00a0De acordo com o estudo da Secretaria de Recursos Humanos da C\u00e2mara, dos 2.660 servidores, 65% t\u00eam curso de p\u00f3s-gradua\u00e7\u00e3o; 13%, mestrado; e 5%, doutorado.<\/p>\n<p>Os n\u00fameros s\u00e3o superiores \u00e0 m\u00e9dia nacional: segundo dados do Minist\u00e9rio da Educa\u00e7\u00e3o, a quantidade de mestres e doutores no Brasil corresponde a cerca de 0,1% da popula\u00e7\u00e3o brasileira.\u00a0Para o presidente do Sindilegis, Petrus Elesb\u00e3o, esses n\u00fameros representam o retrato do comprometimento dos servidores em prestar um servi\u00e7o de qualidade para a sociedade.<\/p>\n<p>\u201cS\u00e3o servidores que n\u00e3o se acomodam, buscam constantemente qualifica\u00e7\u00e3o e aperfei\u00e7oamento. Temos muito orgulho de representar um corpo t\u00e9cnico do mais alto gabarito e que mostram isso na rotina\u201d, enalteceu Elesb\u00e3o.<\/p>\n","protected":false},"excerpt":{"rendered":"<p>Estudo do Sindilegis aponta que os funcion\u00e1rios da C\u00e2mara se destacam pela qualifica\u00e7\u00e3o t\u00e9cnica, superiores \u00e0 m\u00e9dia nacional, e conciliam vida profissional e acad\u00eamica em busca de constante aperfei\u00e7oamento Em recente levantamento, na C\u00e2mara dos Deputados, o Sindilegis avaliou os perfis dos servidores efetivos. A pesquisa apontou que 83% do quadro \u00e9 composto por especialistas, mestres e doutores.\u00a0De acordo com [&hellip;]<\/p>\n","protected":false},"author":27,"featured_media":0,"comment_status":"open","ping_status":"closed","sticky":false,"template":"","format":"standard","meta":{"footnotes":""},"categories":[2719],"tags":[1531,11150,382,1341,11151,4340,3793,58,369],"class_list":["post-13615","post","type-post","status-publish","format-standard","hentry","category-servidor","tag-camara-dos-deputados","tag-doutores","tag-especialistas","tag-funcionarios","tag-mestres","tag-pos-graduacao","tag-qualificacao","tag-servidores","tag-tecnica"],"_links":{"self":[{"href":"https:\/\/blogs.correiobraziliense.com.br\/servidor\/wp-json\/wp\/v2\/posts\/13615","targetHints":{"allow":["GET"]}}],"collection":[{"href":"https:\/\/blogs.correiobraziliense.com.br\/servidor\/wp-json\/wp\/v2\/posts"}],"about":[{"href":"https:\/\/blogs.correiobraziliense.com.br\/servidor\/wp-json\/wp\/v2\/types\/post"}],"author":[{"embeddable":true,"href":"https:\/\/blogs.correiobraziliense.com.br\/servidor\/wp-json\/wp\/v2\/users\/27"}],"replies":[{"embeddable":true,"href":"https:\/\/blogs.correiobraziliense.com.br\/servidor\/wp-json\/wp\/v2\/comments?post=13615"}],"version-history":[{"count":1,"href":"https:\/\/blogs.correiobraziliense.com.br\/servidor\/wp-json\/wp\/v2\/posts\/13615\/revisions"}],"predecessor-version":[{"id":13616,"href":"https:\/\/blogs.correiobraziliense.com.br\/servidor\/wp-json\/wp\/v2\/posts\/13615\/revisions\/13616"}],"wp:attachment":[{"href":"https:\/\/blogs.correiobraziliense.com.br\/servidor\/wp-json\/wp\/v2\/media?parent=13615"}],"wp:term":[{"taxonomy":"category","embeddable":true,"href":"https:\/\/blogs.correiobraziliense.com.br\/servidor\/wp-json\/wp\/v2\/categories?post=13615"},{"taxonomy":"post_tag","embeddable":true,"href":"https:\/\/blogs.correiobraziliense.com.br\/servidor\/wp-json\/wp\/v2\/tags?post=13615"}],"curies":[{"name":"wp","href":"https:\/\/api.w.org\/{rel}","templated":true}]}}