{"id":13606,"date":"2019-08-20T11:20:21","date_gmt":"2019-08-20T14:20:21","guid":{"rendered":"https:\/\/blogs.correiobraziliense.com.br\/servidor\/?p=13606"},"modified":"2019-08-20T11:22:50","modified_gmt":"2019-08-20T14:22:50","slug":"ministerio-da-economia-consulta-publica-para-atualizacao-e-simplificacao-de-decretos-trabalhistas","status":"publish","type":"post","link":"https:\/\/blogs.correiobraziliense.com.br\/servidor\/ministerio-da-economia-consulta-publica-para-atualizacao-e-simplificacao-de-decretos-trabalhistas\/","title":{"rendered":"Minist\u00e9rio da Economia &#8211; Consulta p\u00fablica para atualiza\u00e7\u00e3o e simplifica\u00e7\u00e3o de decretos trabalhistas"},"content":{"rendered":"<p><em>A Secretaria Especial de Previd\u00eancia e Trabalho lan\u00e7ou consultas p\u00fablicas para a simplifica\u00e7\u00e3o e adequa\u00e7\u00e3o de decretos que regulamentam a legisla\u00e7\u00e3o trabalhista, de 36 diferentes profiss\u00f5es, entre elas economistas, m\u00e9dicos, nutricionistas, veterin\u00e1rios, psic\u00f3logos, jornalistas, radialistas, qu\u00edmicos, bi\u00f3logos e profissionais t\u00e9cnicos.. Contribui\u00e7\u00f5es podem ser enviadas at\u00e9 30 de agosto pelo endere\u00e7o participa.br\/secretaria-de-trabalho<\/em><\/p>\n<p>O objetivo da consulta p\u00fablica,l de acordo com a secretaria, \u00e9 receber manifesta\u00e7\u00e3o de entidades representativas das diversas profiss\u00f5es e profissionais envolvidos. O primeiro grupo se refere decreto que consolida as normas das profiss\u00f5es regulamentadas e Conselhos Profissionais. S\u00e3o 36 campos de profiss\u00f5es diferentes, incluindo economistas, m\u00e9dicos, nutricionistas, veterin\u00e1rios, psic\u00f3logos, jornalistas, radialistas, qu\u00edmicos, bi\u00f3logos, profissionais t\u00e9cnicos, entre outros.<\/p>\n<p>O segundo grupo se refere ao decreto que consolida a legisla\u00e7\u00e3o trabalhista, incluindo-se a forma de pagamento da Gratifica\u00e7\u00e3o de Natal, o trabalho rural, o vale-transporte, o programa de alimenta\u00e7\u00e3o do trabalhador, os descontos de presta\u00e7\u00f5es em folha de pagamento, o programa empresa cidad\u00e3; entre outros.<\/p>\n<p><strong>Consolida\u00e7\u00e3o de decretos<\/strong><\/p>\n<p>O governo federal anunciou em julho o processo de atualiza\u00e7\u00e3o de regras trabalhistas, destaca o minist\u00e9rio. Uma das frentes \u00e9 a consolida\u00e7\u00e3o de cerca de 160 decretos em quatro textos. &#8220;Al\u00e9m dos decretos, ser\u00e3o revisadas, nos pr\u00f3ximos meses, portarias e instru\u00e7\u00f5es normativas, de forma ampla e com o objetivo de concentrar as regras no menor subconjunto poss\u00edvel&#8221;, informa o \u00f3rg\u00e3o.<\/p>\n<p>Todas as d\u00favidas em rela\u00e7\u00e3o \u00e0 participa\u00e7\u00e3o e ao processo da consulta p\u00fablica dos decretos poder\u00e3o ser enviadas via e-mail, para assessoriastrab@mte.gov.br.<\/p>\n","protected":false},"excerpt":{"rendered":"<p>A Secretaria Especial de Previd\u00eancia e Trabalho lan\u00e7ou consultas p\u00fablicas para a simplifica\u00e7\u00e3o e adequa\u00e7\u00e3o de decretos que regulamentam a legisla\u00e7\u00e3o trabalhista, de 36 diferentes profiss\u00f5es, entre elas economistas, m\u00e9dicos, nutricionistas, veterin\u00e1rios, psic\u00f3logos, jornalistas, radialistas, qu\u00edmicos, bi\u00f3logos e profissionais t\u00e9cnicos.. Contribui\u00e7\u00f5es podem ser enviadas at\u00e9 30 de agosto pelo endere\u00e7o participa.br\/secretaria-de-trabalho O objetivo da consulta p\u00fablica,l de acordo com a [&hellip;]<\/p>\n","protected":false},"author":27,"featured_media":0,"comment_status":"open","ping_status":"closed","sticky":false,"template":"","format":"standard","meta":{"footnotes":""},"categories":[2719],"tags":[7108,479,8286,12698,11036,3067,15944,4236,98,15943,15942,14327,151,9169,5666,14881,3894,3088,11848],"class_list":["post-13606","post","type-post","status-publish","format-standard","hentry","category-servidor","tag-adequacao","tag-alimentacao","tag-consolidacao","tag-consulta-publica","tag-decretos","tag-descontos","tag-empresa-cidada","tag-folha-de-pagamento","tag-governo","tag-gratificacao-de-natal","tag-legislacao-trabalista","tag-ministerio-da-economia","tag-pagamento","tag-profissoes","tag-rural","tag-secretaria-especial-de-previdencia-e-trabalho","tag-simplificacao","tag-trabalhador","tag-vale-transporte"],"_links":{"self":[{"href":"https:\/\/blogs.correiobraziliense.com.br\/servidor\/wp-json\/wp\/v2\/posts\/13606","targetHints":{"allow":["GET"]}}],"collection":[{"href":"https:\/\/blogs.correiobraziliense.com.br\/servidor\/wp-json\/wp\/v2\/posts"}],"about":[{"href":"https:\/\/blogs.correiobraziliense.com.br\/servidor\/wp-json\/wp\/v2\/types\/post"}],"author":[{"embeddable":true,"href":"https:\/\/blogs.correiobraziliense.com.br\/servidor\/wp-json\/wp\/v2\/users\/27"}],"replies":[{"embeddable":true,"href":"https:\/\/blogs.correiobraziliense.com.br\/servidor\/wp-json\/wp\/v2\/comments?post=13606"}],"version-history":[{"count":4,"href":"https:\/\/blogs.correiobraziliense.com.br\/servidor\/wp-json\/wp\/v2\/posts\/13606\/revisions"}],"predecessor-version":[{"id":13610,"href":"https:\/\/blogs.correiobraziliense.com.br\/servidor\/wp-json\/wp\/v2\/posts\/13606\/revisions\/13610"}],"wp:attachment":[{"href":"https:\/\/blogs.correiobraziliense.com.br\/servidor\/wp-json\/wp\/v2\/media?parent=13606"}],"wp:term":[{"taxonomy":"category","embeddable":true,"href":"https:\/\/blogs.correiobraziliense.com.br\/servidor\/wp-json\/wp\/v2\/categories?post=13606"},{"taxonomy":"post_tag","embeddable":true,"href":"https:\/\/blogs.correiobraziliense.com.br\/servidor\/wp-json\/wp\/v2\/tags?post=13606"}],"curies":[{"name":"wp","href":"https:\/\/api.w.org\/{rel}","templated":true}]}}