{"id":136,"date":"2015-03-24T11:58:00","date_gmt":"2015-03-24T14:58:00","guid":{"rendered":"https:\/\/blogs.correiobraziliense.com.br\/servidor\/magistrados_fazem_ato_em_favor_de_eleicoes_diretas_no_judiciario\/"},"modified":"2015-03-24T11:58:00","modified_gmt":"2015-03-24T14:58:00","slug":"magistrados_fazem_ato_em_favor_de_eleicoes_diretas_no_judiciario","status":"publish","type":"post","link":"https:\/\/blogs.correiobraziliense.com.br\/servidor\/magistrados_fazem_ato_em_favor_de_eleicoes_diretas_no_judiciario\/","title":{"rendered":"MAGISTRADOS FAZEM ATO EM FAVOR DE ELEI\u00c7\u00d5ES DIRETAS NO JUDICI\u00c1RIO"},"content":{"rendered":"<p>A Associa\u00e7\u00e3o dos Magistrados do Distrito Federal (Amagis-DF), em conjunto  com a Associa\u00e7\u00e3o dos Magistrados Brasileiros (AMB), a Associa\u00e7\u00e3o Nacional dos  Magistrados da Justi\u00e7a do Trabalho (Anamatra) e a Associa\u00e7\u00e3o dos Ju\u00edzes Federais  do Brasil (Ajufe), realizar\u00e1 um ato p\u00fablico em defesa das elei\u00e7\u00f5es diretas no  Tribunal de Justi\u00e7a do Distrito Federal e dos Territ\u00f3rios (TJDFT). O evento  ocorrer\u00e1 \u00e0s 14 horas, no audit\u00f3rio Sep\u00falveda Pertence, no F\u00f3rum de Bras\u00edlia  (Pra\u00e7a Municipal, lote 01). <\/p>\n<p>Os magistrados  pleiteiam o direito ao voto nas elei\u00e7\u00f5es para escolha dos dirigentes do Tribunal  que integram. Atualmente, apenas os magistrados de segunda inst\u00e2ncia, ou seja,  os desembargadores, podem votar para presidente, vice e corregedor da Casa. E  s\u00e3o estes magistrados que det\u00eam o poder de direcionar estrategicamente os rumos  do Judici\u00e1rio, decidindo, por exemplo, sobre a aloca\u00e7\u00e3o de recursos e projetos  priorit\u00e1rios. Participando das elei\u00e7\u00f5es, os magistrados de primeiro grau, que  atendem diretamente a popula\u00e7\u00e3o nos F\u00f3runs, esperam ter mais poder de  influenciar nos rumos do \u00f3rg\u00e3o, conseguindo melhorar e tornar mais c\u00e9lere o  atendimento ao cidad\u00e3o. &nbsp;  <\/p>\n<p>\u201cEnquanto o  processo de escolha dos cargos de dire\u00e7\u00e3o dos tribunais estiver restrito somente  ao voto dos desembargadores, a democracia n\u00e3o ser\u00e1 plena no Judici\u00e1rio\u201d, afirma  o presidente da AMB, Jo\u00e3o Ricardo dos Santos Costa. &nbsp;  <\/p>\n<p>Os ju\u00edzes de  primeira inst\u00e2ncia representam 80% da magistratura. Somam 12.553 em todo o pa\u00eds.  J\u00e1 os de segunda inst\u00e2ncia totalizam 2.305. H\u00e1 cerca de um ano, 27 associa\u00e7\u00f5es  afiliadas da AMB protocolaram um pedido de mudan\u00e7a no regimento interno nos  tribunais. &nbsp;  <\/p>\n<p>\u201cN\u00f3s, magistrados  que atuamos na ponta, diretamente com a popula\u00e7\u00e3o, temos muito a contribuir com  os \u00f3rg\u00e3os diretivos da Casa, com o objetivo de dar mais efici\u00eancia \u00e0 presta\u00e7\u00e3o  jurisdicional\u201d, afirma a ju\u00edza Theresa Karina de Figueiredo Barbosa, diretora de  Comunica\u00e7\u00e3o da Amagis-DF, titular do Segundo Juizado Especial Civil, Criminal e  de Viol\u00eancia Dom\u00e9stica do Parano\u00e1. &nbsp;  <\/p>\n<p>No in\u00edcio do m\u00eas a  Amagis-DF apresentou um abaixo-assinado em favor das elei\u00e7\u00f5es diretas no TJDFT.  Cerca de 200 magistrados, de um total de 305, subscreveram o documento, o qual  instrui um processo administrativo que pede a mudan\u00e7a de regimento do TJDF, para  amplia\u00e7\u00e3o das pessoas legitimadas a votar e, com isso, escolher os \u00f3rg\u00e3os  diretivos do Tribunal. Este pedido ser\u00e1 votado pelo Tribunal Pleno do TJDFT nos  pr\u00f3ximos dias. &nbsp;  <\/p>\n<p>No final de 2014, o  Tribunal Regional do Trabalho do Rio de Janeiro (1\u00aa Regi\u00e3o) aprovou as elei\u00e7\u00f5es  diretas entre seus membros. Com a vota\u00e7\u00e3o no TJDFT, os magistrados de todo o  pa\u00eds esperam se fortalecer para expandir a pr\u00e1tica para todos os Tribunais do  pa\u00eds e at\u00e9 mesmo para o Supremo Tribunal Federal (STF). <\/p>\n<p>Bras\u00edlia, 11h58min <\/p>\n","protected":false},"excerpt":{"rendered":"<p>A Associa\u00e7\u00e3o dos Magistrados do Distrito Federal (Amagis-DF), em conjunto com a Associa\u00e7\u00e3o dos Magistrados Brasileiros (AMB), a Associa\u00e7\u00e3o Nacional dos Magistrados da Justi\u00e7a do Trabalho (Anamatra) e a Associa\u00e7\u00e3o dos Ju\u00edzes Federais do Brasil (Ajufe), realizar\u00e1 um ato p\u00fablico em defesa das elei\u00e7\u00f5es diretas no Tribunal de Justi\u00e7a do Distrito Federal e dos Territ\u00f3rios (TJDFT). O evento ocorrer\u00e1 \u00e0s [&hellip;]<\/p>\n","protected":false},"author":27,"featured_media":0,"comment_status":"open","ping_status":"open","sticky":false,"template":"","format":"standard","meta":{"footnotes":""},"categories":[1],"tags":[],"class_list":["post-136","post","type-post","status-publish","format-standard","hentry","category-sem-categoria"],"_links":{"self":[{"href":"https:\/\/blogs.correiobraziliense.com.br\/servidor\/wp-json\/wp\/v2\/posts\/136","targetHints":{"allow":["GET"]}}],"collection":[{"href":"https:\/\/blogs.correiobraziliense.com.br\/servidor\/wp-json\/wp\/v2\/posts"}],"about":[{"href":"https:\/\/blogs.correiobraziliense.com.br\/servidor\/wp-json\/wp\/v2\/types\/post"}],"author":[{"embeddable":true,"href":"https:\/\/blogs.correiobraziliense.com.br\/servidor\/wp-json\/wp\/v2\/users\/27"}],"replies":[{"embeddable":true,"href":"https:\/\/blogs.correiobraziliense.com.br\/servidor\/wp-json\/wp\/v2\/comments?post=136"}],"version-history":[{"count":0,"href":"https:\/\/blogs.correiobraziliense.com.br\/servidor\/wp-json\/wp\/v2\/posts\/136\/revisions"}],"wp:attachment":[{"href":"https:\/\/blogs.correiobraziliense.com.br\/servidor\/wp-json\/wp\/v2\/media?parent=136"}],"wp:term":[{"taxonomy":"category","embeddable":true,"href":"https:\/\/blogs.correiobraziliense.com.br\/servidor\/wp-json\/wp\/v2\/categories?post=136"},{"taxonomy":"post_tag","embeddable":true,"href":"https:\/\/blogs.correiobraziliense.com.br\/servidor\/wp-json\/wp\/v2\/tags?post=136"}],"curies":[{"name":"wp","href":"https:\/\/api.w.org\/{rel}","templated":true}]}}