{"id":13589,"date":"2019-08-16T17:48:35","date_gmt":"2019-08-16T20:48:35","guid":{"rendered":"https:\/\/blogs.correiobraziliense.com.br\/servidor\/?p=13589"},"modified":"2019-08-16T17:48:35","modified_gmt":"2019-08-16T20:48:35","slug":"fenapef-nota-de-repudio-ao-pl-7-596-2017-lei-de-abuso-de-autoridade","status":"publish","type":"post","link":"https:\/\/blogs.correiobraziliense.com.br\/servidor\/fenapef-nota-de-repudio-ao-pl-7-596-2017-lei-de-abuso-de-autoridade\/","title":{"rendered":"Fenapef &#8211; Nota de rep\u00fadio ao PL 7.596\/2017 (Lei de Abuso de Autoridade)"},"content":{"rendered":"<p><em>A Federa\u00e7\u00e3o Nacional dos Policiais Federais (Fenapef), categoria que votou em massa no atual governo, repudiou a aprova\u00e7\u00e3o do projeto. Para a Fenapef, trata-se de um retrocesso com o objetivo de intimidar agentes p\u00fablicos. &#8220;A entidade ressalta que o projeto est\u00e1 na contram\u00e3o do que foi defendido nas \u00faltimas elei\u00e7\u00f5es, como o combate \u00e0 corrup\u00e7\u00e3o e \u00e0 lavagem de dinheiro \u2013 pautas priorit\u00e1rias para a sociedade brasileira&#8221;<\/em><\/p>\n<p>Veja a nota:<\/p>\n<p>&#8220;A Federa\u00e7\u00e3o Nacional dos Policiais Federais (Fenapef) repudia a aprova\u00e7\u00e3o considerada \u201csurpreendente\u201d do Projeto de Lei 7.596\/2017, que define os crimes de abuso de autoridade. Na avalia\u00e7\u00e3o da Fenapef, a mat\u00e9ria \u00e9, no geral, um retrocesso, com a clara finalidade de intimidar agentes p\u00fablicos respons\u00e1veis pelas investiga\u00e7\u00f5es; principalmente em crimes de corrup\u00e7\u00e3o e quando os investigados s\u00e3o pessoas com alto poder pol\u00edtico e econ\u00f4mico.<\/p>\n<p>Depois de passar pelo Senado no \u00faltimo m\u00eas de junho, o PL 7.596\/2017 foi aprovado na noite desta quarta-feira (14) pelo Plen\u00e1rio da C\u00e2mara dos Deputados. A Fenapef observa que o projeto foi proposto por um grupo de (ex) senadores que n\u00e3o s\u00e3o mais parlamentares da Casa; com pouca ou nenhuma discuss\u00e3o pela sociedade civil e aprovado na calada da noite pela C\u00e2mara.<\/p>\n<p>No entendimento da federa\u00e7\u00e3o, o amplo subjetivismo da lei e a imputa\u00e7\u00e3o de novos crimes aos policiais, ju\u00edzes e promotores t\u00eam o objetivo de impedir a atua\u00e7\u00e3o desses agentes p\u00fablicos e frear as investiga\u00e7\u00f5es contra a corrup\u00e7\u00e3o e o crime organizado.<\/p>\n<p>A entidade ressalta que o projeto est\u00e1 na contram\u00e3o do que foi defendido nas \u00faltimas elei\u00e7\u00f5es, como o combate \u00e0 corrup\u00e7\u00e3o e \u00e0 lavagem de dinheiro \u2013 pautas priorit\u00e1rias para a sociedade brasileira.<\/p>\n<p>Por fim, a federa\u00e7\u00e3o informa que encaminhar\u00e1 \u00e0 Presid\u00eancia da Rep\u00fablica of\u00edcio solicitando vetos aos artigos que dificultam e impedem a efetividade do trabalho policial.&#8221;<\/p>\n","protected":false},"excerpt":{"rendered":"<p>A Federa\u00e7\u00e3o Nacional dos Policiais Federais (Fenapef), categoria que votou em massa no atual governo, repudiou a aprova\u00e7\u00e3o do projeto. Para a Fenapef, trata-se de um retrocesso com o objetivo de intimidar agentes p\u00fablicos. &#8220;A entidade ressalta que o projeto est\u00e1 na contram\u00e3o do que foi defendido nas \u00faltimas elei\u00e7\u00f5es, como o combate \u00e0 corrup\u00e7\u00e3o e \u00e0 lavagem de dinheiro [&hellip;]<\/p>\n","protected":false},"author":27,"featured_media":0,"comment_status":"open","ping_status":"closed","sticky":false,"template":"","format":"standard","meta":{"footnotes":""},"categories":[2719],"tags":[11215,205,2021,107,3566,7204,15936,15935,4164,1217,705],"class_list":["post-13589","post","type-post","status-publish","format-standard","hentry","category-servidor","tag-agentes-publicos","tag-corrupcao","tag-eleicoes","tag-fenapef","tag-intimidar","tag-lavagem-de-dinheiro","tag-lei-de-abuso-de-autoridade","tag-pl-7-596-2017","tag-policial","tag-repudio","tag-retrocesso"],"_links":{"self":[{"href":"https:\/\/blogs.correiobraziliense.com.br\/servidor\/wp-json\/wp\/v2\/posts\/13589","targetHints":{"allow":["GET"]}}],"collection":[{"href":"https:\/\/blogs.correiobraziliense.com.br\/servidor\/wp-json\/wp\/v2\/posts"}],"about":[{"href":"https:\/\/blogs.correiobraziliense.com.br\/servidor\/wp-json\/wp\/v2\/types\/post"}],"author":[{"embeddable":true,"href":"https:\/\/blogs.correiobraziliense.com.br\/servidor\/wp-json\/wp\/v2\/users\/27"}],"replies":[{"embeddable":true,"href":"https:\/\/blogs.correiobraziliense.com.br\/servidor\/wp-json\/wp\/v2\/comments?post=13589"}],"version-history":[{"count":1,"href":"https:\/\/blogs.correiobraziliense.com.br\/servidor\/wp-json\/wp\/v2\/posts\/13589\/revisions"}],"predecessor-version":[{"id":13590,"href":"https:\/\/blogs.correiobraziliense.com.br\/servidor\/wp-json\/wp\/v2\/posts\/13589\/revisions\/13590"}],"wp:attachment":[{"href":"https:\/\/blogs.correiobraziliense.com.br\/servidor\/wp-json\/wp\/v2\/media?parent=13589"}],"wp:term":[{"taxonomy":"category","embeddable":true,"href":"https:\/\/blogs.correiobraziliense.com.br\/servidor\/wp-json\/wp\/v2\/categories?post=13589"},{"taxonomy":"post_tag","embeddable":true,"href":"https:\/\/blogs.correiobraziliense.com.br\/servidor\/wp-json\/wp\/v2\/tags?post=13589"}],"curies":[{"name":"wp","href":"https:\/\/api.w.org\/{rel}","templated":true}]}}