{"id":13587,"date":"2019-08-16T17:35:56","date_gmt":"2019-08-16T20:35:56","guid":{"rendered":"https:\/\/blogs.correiobraziliense.com.br\/servidor\/?p=13587"},"modified":"2019-08-16T19:58:14","modified_gmt":"2019-08-16T22:58:14","slug":"adb-nota-publica-sobre-a-escolha-de-marielle-franco-como-patrona-na-turma-de-2016","status":"publish","type":"post","link":"https:\/\/blogs.correiobraziliense.com.br\/servidor\/adb-nota-publica-sobre-a-escolha-de-marielle-franco-como-patrona-na-turma-de-2016\/","title":{"rendered":"ADB &#8211; Nota p\u00fablica sobre a escolha de Marielle Franco como patrona na turma de 2016"},"content":{"rendered":"<p><em>A Associa\u00e7\u00e3o dos Diplomatas Brasileiros (ADB\/Sindical) informa que a elei\u00e7\u00e3o de patronos de turmas \u00e9 democr\u00e1tica e j\u00e1 foram homenageadas personalidades de todo o espectro politico. &#8220;A escolha do nome da vereadora representou essencialmente ato de rep\u00fadio a seu covarde assassinato e de defesa da liberdade de express\u00e3o, um dos princ\u00edpios b\u00e1sicos da democracia, e como tal deve ser respeitada e entendida&#8221;, destaca. A nota \u00e9 uma resposta ao senador Fl\u00e1vio Bolsonaro que declarou recentemente que o pessoal do Itamaraty &#8220;\u00e9 de esquerda&#8221;<\/em><\/p>\n<p>Veja a nota:<\/p>\n<p>&#8220;A Associa\u00e7\u00e3o dos Diplomatas Brasileiros (ADB\/Sindical), que congrega mais de 1500 associados, vem a p\u00fablico reiterar os valores de integridade, \u00e9tica, respeito e isen\u00e7\u00e3o pol\u00edtica, ideol\u00f3gica e partid\u00e1ria que fundamentam a atua\u00e7\u00e3o dos funcion\u00e1rios do Minist\u00e9rio das Rela\u00e7\u00f5es Exteriores.<\/p>\n<p>Nesse sentido, a entidade esclarece que a escolha da Vereadora Marielle Franco como patrona da turma de 2016 do Curso de Forma\u00e7\u00e3o do Instituto Rio Branco n\u00e3o representa necessariamente op\u00e7\u00e3o ideol\u00f3gica dos formandos, menos ainda dos integrantes do MRE, que abriga servidores dos mais diferentes matizes ideol\u00f3gicos, sem que isso interfira no hist\u00f3rico empenho do Itamaraty na promo\u00e7\u00e3o incans\u00e1vel dos interesses nacionais.<\/p>\n<p>A elei\u00e7\u00e3o do patrono\/patrona de cada turma \u00e9 democr\u00e1tica, e ao longo dos anos j\u00e1 foram homenageadas personalidades que perpassam todo o espectro pol\u00edtico.<\/p>\n<p>A escolha do nome da Vereadora representou essencialmente ato de rep\u00fadio a seu covarde assassinato e de defesa da liberdade de express\u00e3o, um dos princ\u00edpios b\u00e1sicos da democracia, e como tal deve ser respeitada e entendida.<\/p>\n<p>Embaixadora Maria Celina de Azevedo Rodrigues<\/p>\n<p>Presidente&#8221;<\/p>\n","protected":false},"excerpt":{"rendered":"<p>A Associa\u00e7\u00e3o dos Diplomatas Brasileiros (ADB\/Sindical) informa que a elei\u00e7\u00e3o de patronos de turmas \u00e9 democr\u00e1tica e j\u00e1 foram homenageadas personalidades de todo o espectro politico. &#8220;A escolha do nome da vereadora representou essencialmente ato de rep\u00fadio a seu covarde assassinato e de defesa da liberdade de express\u00e3o, um dos princ\u00edpios b\u00e1sicos da democracia, e como tal deve ser respeitada [&hellip;]<\/p>\n","protected":false},"author":27,"featured_media":0,"comment_status":"open","ping_status":"closed","sticky":false,"template":"","format":"standard","meta":{"footnotes":""},"categories":[2719],"tags":[11865,11570,15065,4053,2501,1093,5108,13695,11753,2126,15934,1217,11090,11791],"class_list":["post-13587","post","type-post","status-publish","format-standard","hentry","category-servidor","tag-adb","tag-assassinato","tag-curso-de-formacao","tag-democracia","tag-diplomatas","tag-escolha","tag-instituto-rio-branco","tag-liberdade-de-expressao","tag-marielle-franco","tag-mre","tag-patrona","tag-repudio","tag-turma","tag-vereadora"],"_links":{"self":[{"href":"https:\/\/blogs.correiobraziliense.com.br\/servidor\/wp-json\/wp\/v2\/posts\/13587","targetHints":{"allow":["GET"]}}],"collection":[{"href":"https:\/\/blogs.correiobraziliense.com.br\/servidor\/wp-json\/wp\/v2\/posts"}],"about":[{"href":"https:\/\/blogs.correiobraziliense.com.br\/servidor\/wp-json\/wp\/v2\/types\/post"}],"author":[{"embeddable":true,"href":"https:\/\/blogs.correiobraziliense.com.br\/servidor\/wp-json\/wp\/v2\/users\/27"}],"replies":[{"embeddable":true,"href":"https:\/\/blogs.correiobraziliense.com.br\/servidor\/wp-json\/wp\/v2\/comments?post=13587"}],"version-history":[{"count":4,"href":"https:\/\/blogs.correiobraziliense.com.br\/servidor\/wp-json\/wp\/v2\/posts\/13587\/revisions"}],"predecessor-version":[{"id":13595,"href":"https:\/\/blogs.correiobraziliense.com.br\/servidor\/wp-json\/wp\/v2\/posts\/13587\/revisions\/13595"}],"wp:attachment":[{"href":"https:\/\/blogs.correiobraziliense.com.br\/servidor\/wp-json\/wp\/v2\/media?parent=13587"}],"wp:term":[{"taxonomy":"category","embeddable":true,"href":"https:\/\/blogs.correiobraziliense.com.br\/servidor\/wp-json\/wp\/v2\/categories?post=13587"},{"taxonomy":"post_tag","embeddable":true,"href":"https:\/\/blogs.correiobraziliense.com.br\/servidor\/wp-json\/wp\/v2\/tags?post=13587"}],"curies":[{"name":"wp","href":"https:\/\/api.w.org\/{rel}","templated":true}]}}