{"id":13574,"date":"2019-08-15T20:09:13","date_gmt":"2019-08-15T23:09:13","guid":{"rendered":"https:\/\/blogs.correiobraziliense.com.br\/servidor\/?p=13574"},"modified":"2019-08-15T20:32:29","modified_gmt":"2019-08-15T23:32:29","slug":"anamatra-manifesta-preocupacao-com-decisao-do-stf-de-enviar-orcamento-de-2020-sem-percentual-para-reajuste-dos-subsidios","status":"publish","type":"post","link":"https:\/\/blogs.correiobraziliense.com.br\/servidor\/anamatra-manifesta-preocupacao-com-decisao-do-stf-de-enviar-orcamento-de-2020-sem-percentual-para-reajuste-dos-subsidios\/","title":{"rendered":"Anamatra preocupada com decis\u00e3o do STF de enviar Or\u00e7amento de 2020 sem reajuste para magistrados"},"content":{"rendered":"<p><em>Na nota, a Anamatra explica que a recomposi\u00e7\u00e3o dos subs\u00eddios dos magistrados deve ser anual, em obedi\u00eancia \u00e0 Constitui\u00e7\u00e3o, e que o reajuste n\u00e3o representa ganho real, apenas a corre\u00e7\u00e3o da infla\u00e7\u00e3o<\/em><\/p>\n<p>Veja a nota:<\/p>\n<p>&#8220;A Associa\u00e7\u00e3o Nacional dos Magistrados da Justi\u00e7a do Trabalho (Anamatra), entidade representativa de mais de 4 mil ju\u00edzes e ju\u00edzas do Trabalho de todo o Pa\u00eds, vem a p\u00fablico manifestar profunda preocupa\u00e7\u00e3o quanto \u00e0 decis\u00e3o do Supremo Tribunal Federal (STF), que definiu, em sess\u00e3o administrativa, o Or\u00e7amento do Poder Judici\u00e1rio da Uni\u00e3o sem a inclus\u00e3o de percentual para o reajuste de subs\u00eddio.<\/p>\n<p>A Anamatra se preocupa com o cumprimento da norma constitucional estabelecida no artigo 37, inciso X, da Constitui\u00e7\u00e3o Federal, que garante a recomposi\u00e7\u00e3o dos subs\u00eddios anualmente, uma vez que a irredutibilidade \u00e9 predicamento tamb\u00e9m constitucionalmente previsto.<\/p>\n<p>A entidade esclarece, por fim, que o pleito do reajuste n\u00e3o representa ganho real para os magistrados, mas t\u00e3o somente a recomposi\u00e7\u00e3o inflacion\u00e1ria dos subs\u00eddios, que acumulam expressiva perda.<\/p>\n<p>Bras\u00edlia, 15 de agosto de 2019.<\/p>\n<p>Noemia Garcia Porto<br \/>\nPresidente da Anamatra&#8221;<\/p>\n","protected":false},"excerpt":{"rendered":"<p>Na nota, a Anamatra explica que a recomposi\u00e7\u00e3o dos subs\u00eddios dos magistrados deve ser anual, em obedi\u00eancia \u00e0 Constitui\u00e7\u00e3o, e que o reajuste n\u00e3o representa ganho real, apenas a corre\u00e7\u00e3o da infla\u00e7\u00e3o Veja a nota: &#8220;A Associa\u00e7\u00e3o Nacional dos Magistrados da Justi\u00e7a do Trabalho (Anamatra), entidade representativa de mais de 4 mil ju\u00edzes e ju\u00edzas do Trabalho de todo o [&hellip;]<\/p>\n","protected":false},"author":27,"featured_media":0,"comment_status":"open","ping_status":"closed","sticky":false,"template":"","format":"standard","meta":{"footnotes":""},"categories":[2719],"tags":[1408,15928,240,344,621,15927,297,63,239,1931,34,2799],"class_list":["post-13574","post","type-post","status-publish","format-standard","hentry","category-servidor","tag-anamatra","tag-ganho-correcao","tag-inflacao","tag-juizes","tag-magistrados","tag-orcamento-2020","tag-percentual","tag-reajuste","tag-real","tag-recomposicao","tag-stf","tag-subsidios"],"_links":{"self":[{"href":"https:\/\/blogs.correiobraziliense.com.br\/servidor\/wp-json\/wp\/v2\/posts\/13574","targetHints":{"allow":["GET"]}}],"collection":[{"href":"https:\/\/blogs.correiobraziliense.com.br\/servidor\/wp-json\/wp\/v2\/posts"}],"about":[{"href":"https:\/\/blogs.correiobraziliense.com.br\/servidor\/wp-json\/wp\/v2\/types\/post"}],"author":[{"embeddable":true,"href":"https:\/\/blogs.correiobraziliense.com.br\/servidor\/wp-json\/wp\/v2\/users\/27"}],"replies":[{"embeddable":true,"href":"https:\/\/blogs.correiobraziliense.com.br\/servidor\/wp-json\/wp\/v2\/comments?post=13574"}],"version-history":[{"count":3,"href":"https:\/\/blogs.correiobraziliense.com.br\/servidor\/wp-json\/wp\/v2\/posts\/13574\/revisions"}],"predecessor-version":[{"id":13579,"href":"https:\/\/blogs.correiobraziliense.com.br\/servidor\/wp-json\/wp\/v2\/posts\/13574\/revisions\/13579"}],"wp:attachment":[{"href":"https:\/\/blogs.correiobraziliense.com.br\/servidor\/wp-json\/wp\/v2\/media?parent=13574"}],"wp:term":[{"taxonomy":"category","embeddable":true,"href":"https:\/\/blogs.correiobraziliense.com.br\/servidor\/wp-json\/wp\/v2\/categories?post=13574"},{"taxonomy":"post_tag","embeddable":true,"href":"https:\/\/blogs.correiobraziliense.com.br\/servidor\/wp-json\/wp\/v2\/tags?post=13574"}],"curies":[{"name":"wp","href":"https:\/\/api.w.org\/{rel}","templated":true}]}}