{"id":1357,"date":"2016-03-22T20:03:07","date_gmt":"2016-03-22T23:03:07","guid":{"rendered":"https:\/\/blogs.correiobraziliense.com.br\/servidor\/?p=1357"},"modified":"2016-03-22T20:03:07","modified_gmt":"2016-03-22T23:03:07","slug":"auditores-do-trabalho-discutem-proposta-do-governo-amanha","status":"publish","type":"post","link":"https:\/\/blogs.correiobraziliense.com.br\/servidor\/auditores-do-trabalho-discutem-proposta-do-governo-amanha\/","title":{"rendered":"AUDITORES DO TRABALHO DISCUTEM PROPOSTA DO GOVERNO AMANH\u00c3"},"content":{"rendered":"<p>O Comando Nacional de Mobiliza\u00e7\u00e3o (CNM) do Sindicato Nacional dos Auditores Fiscais do Trabalho (Sinait) far\u00e1 assembleia geral, nesta quarta-feira, 23 de mar\u00e7o, em todos os Estados e no Distrito Federal, para repassar \u00e0 categoria, a reuni\u00e3o de hoje com a Secretaria de Gest\u00e3o de Pessoas e Rela\u00e7\u00f5es do Trabalho do Minist\u00e9rio do Planejamento, Or\u00e7amento e Gest\u00e3o (SEGRT\/MP).<\/p>\n<p>As assembleias v\u00e3o deliberar sobre a proposta de reajuste salarial. A reuni\u00e3o entre os dirigentes do Sinait e do CNM com a equipe do Minist\u00e9rio do Planejamento est\u00e1 marcada para as 17 horas.<\/p>\n<p>A proposta apresentada, segundo o Sinait, \u00e9 fruto da uni\u00e3o da categoria, que conseguiu com muita luta fazer com que o governo assumisse, na mesa de negocia\u00e7\u00e3o passada, o compromisso de manter a isonomia entre auditores-fiscais do Trabalho e da Receita Federal. Foi com base nesta premissa que os auditores-fiscais do Trabalho discutiram a proposta apresentada aos auditores-fiscais da Receita em assembleias pelas delegacias sindicais.<\/p>\n<p>A convoca\u00e7\u00e3o da AGN para o dia seguinte \u00e0 apresenta\u00e7\u00e3o da proposta se faz necess\u00e1ria porque o governo tem at\u00e9 o dia 30 de mar\u00e7o para encaminhar ao Congresso Nacional o projeto de lei que vai tratar do tema. O atual cen\u00e1rio pol\u00edtico tamb\u00e9m requer da categoria uma an\u00e1lise r\u00e1pida da proposta.<\/p>\n<p>&nbsp;<\/p>\n","protected":false},"excerpt":{"rendered":"<p>O Comando Nacional de Mobiliza\u00e7\u00e3o (CNM) do Sindicato Nacional dos Auditores Fiscais do Trabalho (Sinait) far\u00e1 assembleia geral, nesta quarta-feira, 23 de mar\u00e7o, em todos os Estados e no Distrito Federal, para repassar \u00e0 categoria, a reuni\u00e3o de hoje com a Secretaria de Gest\u00e3o de Pessoas e Rela\u00e7\u00f5es do Trabalho do Minist\u00e9rio do Planejamento, Or\u00e7amento e Gest\u00e3o (SEGRT\/MP). As assembleias [&hellip;]<\/p>\n","protected":false},"author":27,"featured_media":0,"comment_status":"open","ping_status":"closed","sticky":false,"template":"","format":"standard","meta":{"footnotes":""},"categories":[1],"tags":[518,31,1299,1481,853,54,1482,293,1483,261],"class_list":["post-1357","post","type-post","status-publish","format-standard","hentry","category-sem-categoria","tag-assembleia","tag-auditores","tag-discutem","tag-goveno","tag-mp","tag-proposta","tag-repassar","tag-reuniao","tag-segrt","tag-trabalho"],"_links":{"self":[{"href":"https:\/\/blogs.correiobraziliense.com.br\/servidor\/wp-json\/wp\/v2\/posts\/1357","targetHints":{"allow":["GET"]}}],"collection":[{"href":"https:\/\/blogs.correiobraziliense.com.br\/servidor\/wp-json\/wp\/v2\/posts"}],"about":[{"href":"https:\/\/blogs.correiobraziliense.com.br\/servidor\/wp-json\/wp\/v2\/types\/post"}],"author":[{"embeddable":true,"href":"https:\/\/blogs.correiobraziliense.com.br\/servidor\/wp-json\/wp\/v2\/users\/27"}],"replies":[{"embeddable":true,"href":"https:\/\/blogs.correiobraziliense.com.br\/servidor\/wp-json\/wp\/v2\/comments?post=1357"}],"version-history":[{"count":1,"href":"https:\/\/blogs.correiobraziliense.com.br\/servidor\/wp-json\/wp\/v2\/posts\/1357\/revisions"}],"predecessor-version":[{"id":1358,"href":"https:\/\/blogs.correiobraziliense.com.br\/servidor\/wp-json\/wp\/v2\/posts\/1357\/revisions\/1358"}],"wp:attachment":[{"href":"https:\/\/blogs.correiobraziliense.com.br\/servidor\/wp-json\/wp\/v2\/media?parent=1357"}],"wp:term":[{"taxonomy":"category","embeddable":true,"href":"https:\/\/blogs.correiobraziliense.com.br\/servidor\/wp-json\/wp\/v2\/categories?post=1357"},{"taxonomy":"post_tag","embeddable":true,"href":"https:\/\/blogs.correiobraziliense.com.br\/servidor\/wp-json\/wp\/v2\/tags?post=1357"}],"curies":[{"name":"wp","href":"https:\/\/api.w.org\/{rel}","templated":true}]}}