{"id":13569,"date":"2019-08-15T17:38:10","date_gmt":"2019-08-15T20:38:10","guid":{"rendered":"https:\/\/blogs.correiobraziliense.com.br\/servidor\/?p=13569"},"modified":"2019-08-15T20:01:53","modified_gmt":"2019-08-15T23:01:53","slug":"camara-assina-acordo-de-cooperacao-para-analise-de-servicos-e-entrega-de-metas-de-reestruturacao-administrativa","status":"publish","type":"post","link":"https:\/\/blogs.correiobraziliense.com.br\/servidor\/camara-assina-acordo-de-cooperacao-para-analise-de-servicos-e-entrega-de-metas-de-reestruturacao-administrativa\/","title":{"rendered":"C\u00e2mara assina acordo de coopera\u00e7\u00e3o para an\u00e1lise de servi\u00e7os e entrega de metas de reestrutura\u00e7\u00e3o administrativa"},"content":{"rendered":"<p><em>Segundo nota divulgada no portal da C\u00e2mara, o diretor-geral S\u00e9rgio Sampaio responder\u00e1 pessoalmente as d\u00favidas dos colaboradores da Casa sobre o acordo t\u00e9cnico e a reestrutura\u00e7\u00e3o administrativa nessa sexta-feira (16) no Audit\u00f3rio Nereu Ramos a partir das 14h30. Servidores fizeram um &#8220;coment\u00e1rio cr\u00edtico&#8221; \u00e0 iniciativa. Apontam que &#8220;causar\u00e1 estranheza que a reestrutura\u00e7\u00e3o se der apenas nos 2.855 concursados&#8221;. A C\u00e2mara tem 12.691 contratados<\/em><\/p>\n<p>Em mensagem interna, o presidente da C\u00e2mara, Rodrigo Maia, informa que a Casa, para dar o bom exemplo, &#8220;deve liderar um amplo processo de transforma\u00e7\u00e3o do setor p\u00fablico e oferecer o cen\u00e1rio mais favor\u00e1vel ao investimento na infraestrutura econ\u00f4mica e social, capaz de levar o Brasil a outro patamar de desenvolvimento&#8221; e &#8220;iniciar uma profunda reestrutura\u00e7\u00e3o dos servi\u00e7os que a C\u00e2mara presta e dos produtos que oferecemos \u00e0 sociedade e aos parlamentares&#8221;.<\/p>\n<p>O segundo passo nessa reestrutura\u00e7\u00e3o, diz o presidente, embora conte com conhecimento t\u00e9cnico suficientes para essa an\u00e1lise cr\u00edtica e para propostas que resgatem a ess\u00eancia e a miss\u00e3o que se imp\u00f5e ao que \u00e9 p\u00fablico, &#8220;s\u00e3o muito bem-vindas as contribui\u00e7\u00f5es externas que amadurecem o debate e as solu\u00e7\u00f5es que precisamos implementar, mais pr\u00f3ximas das necessidades da Na\u00e7\u00e3o&#8221;.<\/p>\n<p>&#8220;Com prazer, aceitamos o olhar externo proporcionado pelo acordo de coopera\u00e7\u00e3o t\u00e9cnica oferecido pelo Movimento Brasil Competitivo (MBC), por interm\u00e9dio dos servi\u00e7os da sua parceira, a Falconi. Essas institui\u00e7\u00f5es contam com ampla experi\u00eancia em tornar o setor p\u00fablico mais eficiente e mais voltado a promover a mudan\u00e7a que queremos&#8221;, confirma Maia.<\/p>\n<p>&#8220;Com a supervis\u00e3o e orienta\u00e7\u00e3o da Dire\u00e7\u00e3o da C\u00e2mara e de servidores especialistas, nesse momento iniciamos um detalhado levantamento e estudo para eleger aqueles servi\u00e7os mais relevantes que deveremos continuar prestando e para os quais devemos voltar os nossos esfor\u00e7os e recursos. A partir dessa an\u00e1lise, definiremos a estrutura administrativa e de servi\u00e7os adequada ao novo momento, o perfil, a forma\u00e7\u00e3o e o conjunto de atribui\u00e7\u00f5es necess\u00e1rios aos nossos servidores e a distribui\u00e7\u00e3o da for\u00e7a de trabalho pelas unidades t\u00e9cnicas&#8221;, diz a mensagem.<\/p>\n<p><strong>Carta dos servidores<\/strong><\/p>\n<p>Em resposta ao presidente, servidores fizeram um coment\u00e1rio cr\u00edtico. Nele, dizem que \u00e9\u00a0impressionante a iniciativa<\/p>\n<p>Veja o texto:<\/p>\n<p>&#8220;A C\u00e2mara possui 70 Analistas Legislativos, \u00e1rea Recursos Humanos, a maioria com especializa\u00e7\u00e3o, mestrado e doutorado, v\u00e1rios com experi\u00eancia na iniciativa privada, v\u00e1rios com livros publicados na \u00e1rea. Em breve pesquisa na web, se pode observar as fragilidades da Falconi, que est\u00e1 h\u00e1 d\u00e9cadas no mercado, e cujos resultados na \u00e1rea p\u00fablica n\u00e3o foram expressivos. Al\u00e9m de v\u00e1rias cr\u00edticas em rela\u00e7\u00e3o aos resultados que obtiveram realizando consultorias em empresas, como a ultima na Ambev, sua diretoria executiva pediu demiss\u00e3o em 2017, por desacreditar na gest\u00e3o inaugurada. (https:\/\/epocanegocios.globo.com\/Empresa\/noticia\/2017\/01\/diretoria-executiva-da-falconi-consultores-renuncia.html).<\/p>\n<p>Mas a Falconi tem nome e hist\u00f3ria, n\u00e3o se pode negar. Mas n\u00e3o seria a hora de encontrar consultorias inovadoras, com olhos na administra\u00e7\u00e3o p\u00fablica?<\/p>\n<p>E mais: gostaria muito de ver sobre quais servidores a reforma ser\u00e1 dirigida. Com mais de 12.691 servidores n\u00e3o concursados, causar\u00e1 estranheza se a reforma se der apenas nos 2.855 concursados.<\/p>\n<p>A Falconi prega uma gest\u00e3o forte, &#8220;sangue nos olhos&#8221;, como costuma propalar&#8230;. vamos ver se o sangue nos olhos ser\u00e1 para melhor, e melhorar o qu\u00ea. Por exemplo, estabelecer compet\u00eancias necess\u00e1rias para TODOS os servidores, estabelecer metas e entregas claras&#8230;<\/p>\n<p>Isso porque a C\u00e2mara funciona muito bem. Assessorias e consultorias das mais qualificadas; temos p\u00f3s-gradua\u00e7\u00e3o stricto e Lato institucionais; v\u00e1rios pr\u00eamios direcionados ao funcionamento da Casa; v\u00e1rias publica\u00e7\u00f5es que s\u00e3o utilizadas amplamente por outros Poderes.<\/p>\n<p>Mas quem faz isso?<br \/>\nO que cada um faz?<br \/>\nbem&#8230; vejamos mais este cap\u00edtulo de &#8220;moraliza\u00e7\u00e3o&#8221;<\/p>\n<p>H\u00e1 pouco mais de um m\u00eas, falaram que a C\u00e2mara era repleta de servidores ineficientes. Vamos fazer a conta da inefici\u00eancia: somos quase 15 mil servidores, mas apenas 2.855 concursados. Fa\u00e7amos a conta da inefici\u00eancia?&#8221;<\/p>\n","protected":false},"excerpt":{"rendered":"<p>Segundo nota divulgada no portal da C\u00e2mara, o diretor-geral S\u00e9rgio Sampaio responder\u00e1 pessoalmente as d\u00favidas dos colaboradores da Casa sobre o acordo t\u00e9cnico e a reestrutura\u00e7\u00e3o administrativa nessa sexta-feira (16) no Audit\u00f3rio Nereu Ramos a partir das 14h30. Servidores fizeram um &#8220;coment\u00e1rio cr\u00edtico&#8221; \u00e0 iniciativa. Apontam que &#8220;causar\u00e1 estranheza que a reestrutura\u00e7\u00e3o se der apenas nos 2.855 concursados&#8221;. A C\u00e2mara [&hellip;]<\/p>\n","protected":false},"author":27,"featured_media":0,"comment_status":"open","ping_status":"closed","sticky":false,"template":"","format":"standard","meta":{"footnotes":""},"categories":[2719],"tags":[112,1314,1224,15926,61,1147,1178,3355,15925,487,9673,217,4204,8815,2045,278,4661,81,1376,3846,1379,5777],"class_list":["post-13569","post","type-post","status-publish","format-standard","hentry","category-servidor","tag-acordo","tag-administrativa","tag-analise","tag-analistas-legislativos","tag-camara","tag-concursados","tag-cooperacao","tag-desenvolvimento","tag-falconi","tag-infraestrutura","tag-iniciativa-privada","tag-investimento","tag-livros","tag-mbc","tag-metas","tag-perfil","tag-pesquisas","tag-presidente","tag-reestruturacao","tag-rodrigo-maia","tag-servicos","tag-transformacao"],"_links":{"self":[{"href":"https:\/\/blogs.correiobraziliense.com.br\/servidor\/wp-json\/wp\/v2\/posts\/13569","targetHints":{"allow":["GET"]}}],"collection":[{"href":"https:\/\/blogs.correiobraziliense.com.br\/servidor\/wp-json\/wp\/v2\/posts"}],"about":[{"href":"https:\/\/blogs.correiobraziliense.com.br\/servidor\/wp-json\/wp\/v2\/types\/post"}],"author":[{"embeddable":true,"href":"https:\/\/blogs.correiobraziliense.com.br\/servidor\/wp-json\/wp\/v2\/users\/27"}],"replies":[{"embeddable":true,"href":"https:\/\/blogs.correiobraziliense.com.br\/servidor\/wp-json\/wp\/v2\/comments?post=13569"}],"version-history":[{"count":4,"href":"https:\/\/blogs.correiobraziliense.com.br\/servidor\/wp-json\/wp\/v2\/posts\/13569\/revisions"}],"predecessor-version":[{"id":13573,"href":"https:\/\/blogs.correiobraziliense.com.br\/servidor\/wp-json\/wp\/v2\/posts\/13569\/revisions\/13573"}],"wp:attachment":[{"href":"https:\/\/blogs.correiobraziliense.com.br\/servidor\/wp-json\/wp\/v2\/media?parent=13569"}],"wp:term":[{"taxonomy":"category","embeddable":true,"href":"https:\/\/blogs.correiobraziliense.com.br\/servidor\/wp-json\/wp\/v2\/categories?post=13569"},{"taxonomy":"post_tag","embeddable":true,"href":"https:\/\/blogs.correiobraziliense.com.br\/servidor\/wp-json\/wp\/v2\/tags?post=13569"}],"curies":[{"name":"wp","href":"https:\/\/api.w.org\/{rel}","templated":true}]}}