{"id":13567,"date":"2019-08-15T17:28:24","date_gmt":"2019-08-15T20:28:24","guid":{"rendered":"https:\/\/blogs.correiobraziliense.com.br\/servidor\/?p=13567"},"modified":"2019-08-15T17:28:24","modified_gmt":"2019-08-15T20:28:24","slug":"tst-encontro-internacional-debate-modelos-de-justica-do-trabalho-no-mundo","status":"publish","type":"post","link":"https:\/\/blogs.correiobraziliense.com.br\/servidor\/tst-encontro-internacional-debate-modelos-de-justica-do-trabalho-no-mundo\/","title":{"rendered":"TST &#8211; Encontro internacional debate modelos de Justi\u00e7a do Trabalho no mundo"},"content":{"rendered":"<p><em>O encontro ser\u00e1 de 21 a 23 de agosto e as inscri\u00e7\u00f5es, gratuitas, podem ser feitas at\u00e9 sexta-feira (16).\u00a0Palestrantes de Alemanha, Fran\u00e7a, Holanda, Argentina e Uruguai debater\u00e3o com magistrados, membros do Minist\u00e9rio P\u00fablico, advogados, servidores p\u00fablicos e estudantes a organiza\u00e7\u00e3o do Poder Judici\u00e1rio e a relev\u00e2ncia da especializa\u00e7\u00e3o na aplica\u00e7\u00e3o do Direito do Trabalho<\/em><\/p>\n<p>Os modelos de Justi\u00e7a do Trabalho no mundo, a import\u00e2ncia de um ramo especializado na aplica\u00e7\u00e3o do Direito do Trabalho, as mudan\u00e7as decorrentes da Reforma Trabalhista e o acesso \u00e0 Justi\u00e7a em causas que envolvem as rela\u00e7\u00f5es de trabalho est\u00e3o entre os temas principais do Encontro Internacional de Ju\u00edzes de Cortes Trabalhistas, que acontece 21 a 23 de agosto, no Tribunal Superior do Trabalho (TST), em Bras\u00edlia. O encontro \u00e9 idealizado pelo Col\u00e9gio de Presidentes e Corregedores de Tribunais Regionais do Trabalho (Coleprecor) e realizado pela Escola Nacional de Forma\u00e7\u00e3o e Aperfei\u00e7oamento de Magistrados do Trabalho (Enamat), com o apoio do TST.<\/p>\n<p><strong>Modelos<\/strong><\/p>\n<p>Palestrantes de diversos pa\u00edses, como Alemanha, Fran\u00e7a, Holanda, Argentina e Uruguai, debater\u00e3o com magistrados, membros do Minist\u00e9rio P\u00fablico, advogados, servidores p\u00fablicos e estudantes a organiza\u00e7\u00e3o do Poder Judici\u00e1rio em diversos pa\u00edses e a relev\u00e2ncia da especializa\u00e7\u00e3o na aplica\u00e7\u00e3o do Direito do Trabalho. Entre eles est\u00e3o Sebastian Roloff, magistrado do Tribunal Superior do Trabalho da Alemanha; Alain Lacabarats, magistrado do Conselho Superior da Magistratura da Fran\u00e7a; Gerrard Boot, juiz do trabalho na Holanda e secret\u00e1rio-geral da Associa\u00e7\u00e3o Europeia de Ju\u00edzes de Cortes Trabalhistas; e Silvia Esther Pinto Varella, magistrada da C\u00e2mara Nacional de Apela\u00e7\u00f5es Trabalhistas da Argentina.<\/p>\n<p>Na abertura, a ministra Mar\u00eda Rossi, do Tribunal de Apela\u00e7\u00f5es do Trabalho do Uruguai, vai abordar o tema \u201c100 anos da Organiza\u00e7\u00e3o Internacional do Trabalho: a import\u00e2ncia de uma Justi\u00e7a do Trabalho efetiva\u201d.<\/p>\n<p>A programa\u00e7\u00e3o tem ainda palestras dos ministros do TST Maria Cristina Irigoyen Peduzzi e Mauricio Godinho Delgado, do desembargador Manoel Carlos Toledo Filho (TRT da 15\u00aa Regi\u00e3o), dos procuradores do trabalho C\u00e1ssio Casagrande e Rodrigo de Lacerda Carelli e do advogado e professor associado da Faculdade de Direito da Universidade de S\u00e3o Paulo Estev\u00e3o Mallet.<\/p>\n<p>A programa\u00e7\u00e3o completa e outras informa\u00e7\u00f5es est\u00e3o no site oficial do evento www.encontrointernacionaljt.com. As inscri\u00e7\u00f5es s\u00e3o gratuitas e devem ser feitas diretamente no site at\u00e9 sexta-feira (16).<\/p>\n<p><strong>Servi\u00e7o<\/strong><\/p>\n<p>O que: Encontro Internacional de Ju\u00edzes de Cortes Trabalhistas<br \/>\nQuando: De 21 a 23 de agosto<br \/>\nOnde: Audit\u00f3rio principal do TST (Arnaldo S\u00fcssekind) &#8211; Setor de Administra\u00e7\u00e3o Federal Sul, Quadra 8 \u2013 Bras\u00edlia (DF)<\/p>\n","protected":false},"excerpt":{"rendered":"<p>O encontro ser\u00e1 de 21 a 23 de agosto e as inscri\u00e7\u00f5es, gratuitas, podem ser feitas at\u00e9 sexta-feira (16).\u00a0Palestrantes de Alemanha, Fran\u00e7a, Holanda, Argentina e Uruguai debater\u00e3o com magistrados, membros do Minist\u00e9rio P\u00fablico, advogados, servidores p\u00fablicos e estudantes a organiza\u00e7\u00e3o do Poder Judici\u00e1rio e a relev\u00e2ncia da especializa\u00e7\u00e3o na aplica\u00e7\u00e3o do Direito do Trabalho Os modelos de Justi\u00e7a do Trabalho [&hellip;]<\/p>\n","protected":false},"author":27,"featured_media":0,"comment_status":"open","ping_status":"closed","sticky":false,"template":"","format":"standard","meta":{"footnotes":""},"categories":[2719],"tags":[265,15923,1163,781,697,621,417,7946,1472,15924,1137,58,503],"class_list":["post-13567","post","type-post","status-publish","format-standard","hentry","category-servidor","tag-advogados","tag-encontro-internacional","tag-estudantes","tag-inscricoes","tag-justica-do-trabalho","tag-magistrados","tag-ministerio-publico","tag-modelos","tag-mundo","tag-palestrantes","tag-poder-judiciario","tag-servidores","tag-tst"],"_links":{"self":[{"href":"https:\/\/blogs.correiobraziliense.com.br\/servidor\/wp-json\/wp\/v2\/posts\/13567","targetHints":{"allow":["GET"]}}],"collection":[{"href":"https:\/\/blogs.correiobraziliense.com.br\/servidor\/wp-json\/wp\/v2\/posts"}],"about":[{"href":"https:\/\/blogs.correiobraziliense.com.br\/servidor\/wp-json\/wp\/v2\/types\/post"}],"author":[{"embeddable":true,"href":"https:\/\/blogs.correiobraziliense.com.br\/servidor\/wp-json\/wp\/v2\/users\/27"}],"replies":[{"embeddable":true,"href":"https:\/\/blogs.correiobraziliense.com.br\/servidor\/wp-json\/wp\/v2\/comments?post=13567"}],"version-history":[{"count":1,"href":"https:\/\/blogs.correiobraziliense.com.br\/servidor\/wp-json\/wp\/v2\/posts\/13567\/revisions"}],"predecessor-version":[{"id":13568,"href":"https:\/\/blogs.correiobraziliense.com.br\/servidor\/wp-json\/wp\/v2\/posts\/13567\/revisions\/13568"}],"wp:attachment":[{"href":"https:\/\/blogs.correiobraziliense.com.br\/servidor\/wp-json\/wp\/v2\/media?parent=13567"}],"wp:term":[{"taxonomy":"category","embeddable":true,"href":"https:\/\/blogs.correiobraziliense.com.br\/servidor\/wp-json\/wp\/v2\/categories?post=13567"},{"taxonomy":"post_tag","embeddable":true,"href":"https:\/\/blogs.correiobraziliense.com.br\/servidor\/wp-json\/wp\/v2\/tags?post=13567"}],"curies":[{"name":"wp","href":"https:\/\/api.w.org\/{rel}","templated":true}]}}