{"id":13565,"date":"2019-08-15T17:05:09","date_gmt":"2019-08-15T20:05:09","guid":{"rendered":"https:\/\/blogs.correiobraziliense.com.br\/servidor\/?p=13565"},"modified":"2019-08-15T17:05:09","modified_gmt":"2019-08-15T20:05:09","slug":"mudancas-na-policia-federal","status":"publish","type":"post","link":"https:\/\/blogs.correiobraziliense.com.br\/servidor\/mudancas-na-policia-federal\/","title":{"rendered":"Mudan\u00e7as na Pol\u00edcia Federal"},"content":{"rendered":"<p>Troca no comando da Superintend\u00eancia Regional da PF no Rio de Janeiro. Assume o\u00a0delegado Carlos Henrique Oliveira Sousa, atual superintendente regional em Pernambuco<\/p>\n<p>Por meio de nota, a\u00a0 Pol\u00edcia Federal informa, em rela\u00e7\u00e3o \u00e0 substitui\u00e7\u00e3o do Superintendente Regional no Estado do Rio de Janeiro, que a troca da autoridade m\u00e1xima do \u00f3rg\u00e3o no estado j\u00e1 estava sendo planejada h\u00e1 alguns meses e o &#8220;motivo da provid\u00eancia \u00e9 o desejo manifestado, pelo pr\u00f3prio policial, de vir trabalhar em Bras\u00edlia, n\u00e3o guardando qualquer rela\u00e7\u00e3o com o desempenho do atual ocupante do cargo&#8221;.<\/p>\n<p>O \u00f3rg\u00e3o destaca, ainda, que a\u00a0 substitui\u00e7\u00e3o de superintendentes regionais \u00e9 normal em um cen\u00e1rio de novo governo. De janeiro para c\u00e1, a PF j\u00e1 trocou 11 superintendentes.<\/p>\n<p>&#8220;O nome do substituto, escolhido pela Dire\u00e7\u00e3o Geral da Pol\u00edcia Federal, \u00e9 o do delegado de pol\u00edcia federal Carlos Henrique Oliveira Sousa, atual superintendente regional em Pernambuco&#8221;, finaliza a nota.<\/p>\n","protected":false},"excerpt":{"rendered":"<p>Troca no comando da Superintend\u00eancia Regional da PF no Rio de Janeiro. Assume o\u00a0delegado Carlos Henrique Oliveira Sousa, atual superintendente regional em Pernambuco Por meio de nota, a\u00a0 Pol\u00edcia Federal informa, em rela\u00e7\u00e3o \u00e0 substitui\u00e7\u00e3o do Superintendente Regional no Estado do Rio de Janeiro, que a troca da autoridade m\u00e1xima do \u00f3rg\u00e3o no estado j\u00e1 estava sendo planejada h\u00e1 alguns [&hellip;]<\/p>\n","protected":false},"author":27,"featured_media":0,"comment_status":"open","ping_status":"closed","sticky":false,"template":"","format":"standard","meta":{"footnotes":""},"categories":[2719],"tags":[3037,98,376,104,816,2023,815],"class_list":["post-13565","post","type-post","status-publish","format-standard","hentry","category-servidor","tag-autoridade","tag-governo","tag-mudancas","tag-policia-federal","tag-regional","tag-substituicao","tag-superintendente"],"_links":{"self":[{"href":"https:\/\/blogs.correiobraziliense.com.br\/servidor\/wp-json\/wp\/v2\/posts\/13565","targetHints":{"allow":["GET"]}}],"collection":[{"href":"https:\/\/blogs.correiobraziliense.com.br\/servidor\/wp-json\/wp\/v2\/posts"}],"about":[{"href":"https:\/\/blogs.correiobraziliense.com.br\/servidor\/wp-json\/wp\/v2\/types\/post"}],"author":[{"embeddable":true,"href":"https:\/\/blogs.correiobraziliense.com.br\/servidor\/wp-json\/wp\/v2\/users\/27"}],"replies":[{"embeddable":true,"href":"https:\/\/blogs.correiobraziliense.com.br\/servidor\/wp-json\/wp\/v2\/comments?post=13565"}],"version-history":[{"count":1,"href":"https:\/\/blogs.correiobraziliense.com.br\/servidor\/wp-json\/wp\/v2\/posts\/13565\/revisions"}],"predecessor-version":[{"id":13566,"href":"https:\/\/blogs.correiobraziliense.com.br\/servidor\/wp-json\/wp\/v2\/posts\/13565\/revisions\/13566"}],"wp:attachment":[{"href":"https:\/\/blogs.correiobraziliense.com.br\/servidor\/wp-json\/wp\/v2\/media?parent=13565"}],"wp:term":[{"taxonomy":"category","embeddable":true,"href":"https:\/\/blogs.correiobraziliense.com.br\/servidor\/wp-json\/wp\/v2\/categories?post=13565"},{"taxonomy":"post_tag","embeddable":true,"href":"https:\/\/blogs.correiobraziliense.com.br\/servidor\/wp-json\/wp\/v2\/tags?post=13565"}],"curies":[{"name":"wp","href":"https:\/\/api.w.org\/{rel}","templated":true}]}}