{"id":13545,"date":"2019-08-13T21:33:07","date_gmt":"2019-08-14T00:33:07","guid":{"rendered":"https:\/\/blogs.correiobraziliense.com.br\/servidor\/?p=13545"},"modified":"2019-08-13T21:33:07","modified_gmt":"2019-08-14T00:33:07","slug":"movimentos-pela-moradia-fizeram-manifestacao-em-defesa-do-censo-sem-cortes","status":"publish","type":"post","link":"https:\/\/blogs.correiobraziliense.com.br\/servidor\/movimentos-pela-moradia-fizeram-manifestacao-em-defesa-do-censo-sem-cortes\/","title":{"rendered":"Movimentos pela moradia fizeram manifesta\u00e7\u00e3o em defesa do Censo sem cortes"},"content":{"rendered":"<p><em>Quinze movimentos de sem-teto e entidades de moradores de favelas realizaram ato em defesa do Censo sem cortes, na ter\u00e7a-feira, 13 de agosto, em frente \u00e0 Sede do IBGE, no Rio de Janeiro<\/em><\/p>\n<p>Representantes da luta por moradia protocolaram carta em que manifestam sua preocupa\u00e7\u00e3o com os cortes no or\u00e7amento do Censo 2020 e protestaram contra os cortes nos quesitos aluguel e rendimento dos moradores, retirados do question\u00e1rio pela dire\u00e7\u00e3o do IBGE.<\/p>\n<p>O documento encerra alertando que \u201cos cortes nos dados do Censo 2020 retiram informa\u00e7\u00f5es essenciais para a defini\u00e7\u00e3o, elabora\u00e7\u00e3o e planejamento de pol\u00edticas p\u00fablicas de moradia e redu\u00e7\u00e3o das desigualdades sociais\u201d.<\/p>\n<p>Os movimentos de luta por moradia prometem outras manifesta\u00e7\u00f5es em defesa do Censo sem cortes em todo o pa\u00eds. A Executiva Nacional da ASSIBGE-SN apoiou as reivindica\u00e7\u00f5es.<\/p>\n<p>Veja a carta:<\/p>\n<p><img loading=\"lazy\" decoding=\"async\" class=\"size-large wp-image-13548 aligncenter\" src=\"https:\/\/blogs.correiobraziliense.com.br\/servidor\/wp-content\/uploads\/sites\/10\/2019\/08\/carta-ibge-724x1024.jpeg\" alt=\"\" width=\"724\" height=\"1024\" srcset=\"https:\/\/blogs.correiobraziliense.com.br\/servidor\/wp-content\/uploads\/sites\/10\/2019\/08\/carta-ibge-724x1024.jpeg 724w, https:\/\/blogs.correiobraziliense.com.br\/servidor\/wp-content\/uploads\/sites\/10\/2019\/08\/carta-ibge-212x300.jpeg 212w, https:\/\/blogs.correiobraziliense.com.br\/servidor\/wp-content\/uploads\/sites\/10\/2019\/08\/carta-ibge-768x1086.jpeg 768w, https:\/\/blogs.correiobraziliense.com.br\/servidor\/wp-content\/uploads\/sites\/10\/2019\/08\/carta-ibge-247x350.jpeg 247w, https:\/\/blogs.correiobraziliense.com.br\/servidor\/wp-content\/uploads\/sites\/10\/2019\/08\/carta-ibge-550x778.jpeg 550w, https:\/\/blogs.correiobraziliense.com.br\/servidor\/wp-content\/uploads\/sites\/10\/2019\/08\/carta-ibge-230x325.jpeg 230w, https:\/\/blogs.correiobraziliense.com.br\/servidor\/wp-content\/uploads\/sites\/10\/2019\/08\/carta-ibge.jpeg 905w\" sizes=\"auto, (max-width: 724px) 100vw, 724px\" \/><\/p>\n","protected":false},"excerpt":{"rendered":"<p>Quinze movimentos de sem-teto e entidades de moradores de favelas realizaram ato em defesa do Censo sem cortes, na ter\u00e7a-feira, 13 de agosto, em frente \u00e0 Sede do IBGE, no Rio de Janeiro Representantes da luta por moradia protocolaram carta em que manifestam sua preocupa\u00e7\u00e3o com os cortes no or\u00e7amento do Censo 2020 e protestaram contra os cortes nos quesitos [&hellip;]<\/p>\n","protected":false},"author":27,"featured_media":0,"comment_status":"open","ping_status":"closed","sticky":false,"template":"","format":"standard","meta":{"footnotes":""},"categories":[2719],"tags":[15917,15015,1201,2042,1151,2843,6519,1042,3,10851,5293],"class_list":["post-13545","post","type-post","status-publish","format-standard","hentry","category-servidor","tag-alugeul","tag-censo-2020","tag-defesa","tag-ibge","tag-manifestacao","tag-moradia","tag-moradores","tag-movimentos","tag-planejamento","tag-politicas-publicas","tag-rendimento"],"_links":{"self":[{"href":"https:\/\/blogs.correiobraziliense.com.br\/servidor\/wp-json\/wp\/v2\/posts\/13545","targetHints":{"allow":["GET"]}}],"collection":[{"href":"https:\/\/blogs.correiobraziliense.com.br\/servidor\/wp-json\/wp\/v2\/posts"}],"about":[{"href":"https:\/\/blogs.correiobraziliense.com.br\/servidor\/wp-json\/wp\/v2\/types\/post"}],"author":[{"embeddable":true,"href":"https:\/\/blogs.correiobraziliense.com.br\/servidor\/wp-json\/wp\/v2\/users\/27"}],"replies":[{"embeddable":true,"href":"https:\/\/blogs.correiobraziliense.com.br\/servidor\/wp-json\/wp\/v2\/comments?post=13545"}],"version-history":[{"count":1,"href":"https:\/\/blogs.correiobraziliense.com.br\/servidor\/wp-json\/wp\/v2\/posts\/13545\/revisions"}],"predecessor-version":[{"id":13549,"href":"https:\/\/blogs.correiobraziliense.com.br\/servidor\/wp-json\/wp\/v2\/posts\/13545\/revisions\/13549"}],"wp:attachment":[{"href":"https:\/\/blogs.correiobraziliense.com.br\/servidor\/wp-json\/wp\/v2\/media?parent=13545"}],"wp:term":[{"taxonomy":"category","embeddable":true,"href":"https:\/\/blogs.correiobraziliense.com.br\/servidor\/wp-json\/wp\/v2\/categories?post=13545"},{"taxonomy":"post_tag","embeddable":true,"href":"https:\/\/blogs.correiobraziliense.com.br\/servidor\/wp-json\/wp\/v2\/tags?post=13545"}],"curies":[{"name":"wp","href":"https:\/\/api.w.org\/{rel}","templated":true}]}}