{"id":13540,"date":"2019-08-12T19:33:56","date_gmt":"2019-08-12T22:33:56","guid":{"rendered":"https:\/\/blogs.correiobraziliense.com.br\/servidor\/?p=13540"},"modified":"2019-08-12T19:33:56","modified_gmt":"2019-08-12T22:33:56","slug":"ambientalistas-de-olho-no-pl-3729-04","status":"publish","type":"post","link":"https:\/\/blogs.correiobraziliense.com.br\/servidor\/ambientalistas-de-olho-no-pl-3729-04\/","title":{"rendered":"Ambientalistas de olho no PL 3729\/04"},"content":{"rendered":"<p><em>Um dos riscos do PL \u00e9 a cria\u00e7\u00e3o da ades\u00e3o volunt\u00e1ria e por compromisso, que permitiria \u00e0s empresas se autolicenciarem. O resultado poderia ser mais acidentes com mortes, doen\u00e7as e destrui\u00e7\u00e3o, a exemplo dos eventos da Samarco e Vale em Mariana e Brumadinho<\/em><\/p>\n<p>O Brasil discute um Projeto de Lei (PL 3.729\/04) Geral para o Licenciamento Ambiental para estabelecer normas para a autoriza\u00e7\u00e3o de atividades que usam recursos naturais ou podem causar impactos ambientais. O v\u00eddeo do Observat\u00f3rio do Clima explica as fases da licen\u00e7a e alerta: o PL deve prever medidas para garantir a sa\u00fade da popula\u00e7\u00e3o, a seguran\u00e7a para as empresas e o meio ambiente para todos. &#8220;Assista ao v\u00eddeo: https:\/\/www.facebook.com\/ObservatorioClima\/videos\/510251786389718\/ O PL n\u00e3o pode ser uma #licen\u00e7aparadestruir&#8221;, alerta o ICMBio<\/p>\n","protected":false},"excerpt":{"rendered":"<p>Um dos riscos do PL \u00e9 a cria\u00e7\u00e3o da ades\u00e3o volunt\u00e1ria e por compromisso, que permitiria \u00e0s empresas se autolicenciarem. O resultado poderia ser mais acidentes com mortes, doen\u00e7as e destrui\u00e7\u00e3o, a exemplo dos eventos da Samarco e Vale em Mariana e Brumadinho O Brasil discute um Projeto de Lei (PL 3.729\/04) Geral para o Licenciamento Ambiental para estabelecer normas [&hellip;]<\/p>\n","protected":false},"author":27,"featured_media":0,"comment_status":"open","ping_status":"closed","sticky":false,"template":"","format":"standard","meta":{"footnotes":""},"categories":[2719],"tags":[5257,474,15276,15909,881,7210,5219,2986,15908,2399,8006],"class_list":["post-13540","post","type-post","status-publish","format-standard","hentry","category-servidor","tag-acidentes","tag-adesao","tag-ambientalistas","tag-autolicenciamento","tag-compromisso","tag-destruicao","tag-doencas","tag-empresa","tag-pl-3729-04","tag-riscos","tag-voluntaria"],"_links":{"self":[{"href":"https:\/\/blogs.correiobraziliense.com.br\/servidor\/wp-json\/wp\/v2\/posts\/13540","targetHints":{"allow":["GET"]}}],"collection":[{"href":"https:\/\/blogs.correiobraziliense.com.br\/servidor\/wp-json\/wp\/v2\/posts"}],"about":[{"href":"https:\/\/blogs.correiobraziliense.com.br\/servidor\/wp-json\/wp\/v2\/types\/post"}],"author":[{"embeddable":true,"href":"https:\/\/blogs.correiobraziliense.com.br\/servidor\/wp-json\/wp\/v2\/users\/27"}],"replies":[{"embeddable":true,"href":"https:\/\/blogs.correiobraziliense.com.br\/servidor\/wp-json\/wp\/v2\/comments?post=13540"}],"version-history":[{"count":1,"href":"https:\/\/blogs.correiobraziliense.com.br\/servidor\/wp-json\/wp\/v2\/posts\/13540\/revisions"}],"predecessor-version":[{"id":13541,"href":"https:\/\/blogs.correiobraziliense.com.br\/servidor\/wp-json\/wp\/v2\/posts\/13540\/revisions\/13541"}],"wp:attachment":[{"href":"https:\/\/blogs.correiobraziliense.com.br\/servidor\/wp-json\/wp\/v2\/media?parent=13540"}],"wp:term":[{"taxonomy":"category","embeddable":true,"href":"https:\/\/blogs.correiobraziliense.com.br\/servidor\/wp-json\/wp\/v2\/categories?post=13540"},{"taxonomy":"post_tag","embeddable":true,"href":"https:\/\/blogs.correiobraziliense.com.br\/servidor\/wp-json\/wp\/v2\/tags?post=13540"}],"curies":[{"name":"wp","href":"https:\/\/api.w.org\/{rel}","templated":true}]}}