{"id":13537,"date":"2019-08-12T15:34:20","date_gmt":"2019-08-12T18:34:20","guid":{"rendered":"https:\/\/blogs.correiobraziliense.com.br\/servidor\/?p=13537"},"modified":"2019-08-12T15:34:20","modified_gmt":"2019-08-12T18:34:20","slug":"mpf-debate-sobre-perseguicao-religiosa","status":"publish","type":"post","link":"https:\/\/blogs.correiobraziliense.com.br\/servidor\/mpf-debate-sobre-perseguicao-religiosa\/","title":{"rendered":"MPF &#8211; debate sobre persegui\u00e7\u00e3o religiosa"},"content":{"rendered":"<p><em>Semin\u00e1rio acontece em 28 de agosto. Inscri\u00e7\u00f5es abertas. A partir dos reiterados casos de intoler\u00e2ncia religiosa contra, sobretudo, as religi\u00f5es de matrizes afro-brasileiras, o MPF buscou informa\u00e7\u00f5es sobre como as not\u00edcias de fatos est\u00e3o sendo recebidas e tratadas no pa\u00eds<\/em><\/p>\n<p><img loading=\"lazy\" decoding=\"async\" class=\"size-full wp-image-13538 aligncenter\" src=\"https:\/\/blogs.correiobraziliense.com.br\/servidor\/wp-content\/uploads\/sites\/10\/2019\/08\/persegui\u00e7\u00e3o-religiosa.jpeg\" alt=\"\" width=\"600\" height=\"600\" srcset=\"https:\/\/blogs.correiobraziliense.com.br\/servidor\/wp-content\/uploads\/sites\/10\/2019\/08\/persegui\u00e7\u00e3o-religiosa.jpeg 600w, https:\/\/blogs.correiobraziliense.com.br\/servidor\/wp-content\/uploads\/sites\/10\/2019\/08\/persegui\u00e7\u00e3o-religiosa-150x150.jpeg 150w, https:\/\/blogs.correiobraziliense.com.br\/servidor\/wp-content\/uploads\/sites\/10\/2019\/08\/persegui\u00e7\u00e3o-religiosa-300x300.jpeg 300w, https:\/\/blogs.correiobraziliense.com.br\/servidor\/wp-content\/uploads\/sites\/10\/2019\/08\/persegui\u00e7\u00e3o-religiosa-350x350.jpeg 350w, https:\/\/blogs.correiobraziliense.com.br\/servidor\/wp-content\/uploads\/sites\/10\/2019\/08\/persegui\u00e7\u00e3o-religiosa-550x550.jpeg 550w, https:\/\/blogs.correiobraziliense.com.br\/servidor\/wp-content\/uploads\/sites\/10\/2019\/08\/persegui\u00e7\u00e3o-religiosa-230x230.jpeg 230w\" sizes=\"auto, (max-width: 600px) 100vw, 600px\" \/><\/p>\n<p>O Minist\u00e9rio P\u00fablico Federal (MPF) far\u00e1, no dia 28 de agosto de 2019, o semin\u00e1rio &#8220;Persegui\u00e7\u00e3o Religiosa: Um Estado de Coisas \u2013 Cen\u00e1rios e Desafios&#8221;. A atividade \u00e9 da responsabilidade da Procuradoria Federal dos Direitos do Cidad\u00e3o (PFDC\/MPF) e conta com apoio da Escola Superior do Minist\u00e9rio P\u00fablico da Uni\u00e3o (ESMPU). O evento marca a divulga\u00e7\u00e3o do estudo produzido sobre viol\u00eancia religiosa e laicidade do Estado do Rio de Janeiro.<\/p>\n<p>Criado pelo PFDC, o relat\u00f3rio teve como finalidade essencial coletar e analisar dados a fim de verificar a implanta\u00e7\u00e3o das pol\u00edticas p\u00fablicas de promo\u00e7\u00e3o da igualdade racial e de prote\u00e7\u00e3o da diversidade cultural. A partir dos reiterados casos de intoler\u00e2ncia religiosa perpetrados em face sobretudo das religi\u00f5es de matrizes afro-brasileiras, buscou-se informa\u00e7\u00f5es sobre como as not\u00edcias de fatos est\u00e3o sendo recebidas e tratadas em n\u00edvel nacional.<\/p>\n<p>O di\u00e1logo reunir\u00e1 representantes do sistema de justi\u00e7a, pesquisadores, profissionais da imprensa e outros atores sociais que atuam na defesa da liberdade religiosa. O semin\u00e1rio ser\u00e1 no audit\u00f3rio principal da sede da Procuradoria da Rep\u00fablica no Rio de Janeiro, das 9h \u00e0s 18h e as inscri\u00e7\u00f5es j\u00e1 est\u00e3o abertas.<\/p>\n<p>Fa\u00e7a a inscri\u00e7\u00e3o pelo link bit.ly\/2yKtIAP<\/p>\n","protected":false},"excerpt":{"rendered":"<p>Semin\u00e1rio acontece em 28 de agosto. Inscri\u00e7\u00f5es abertas. A partir dos reiterados casos de intoler\u00e2ncia religiosa contra, sobretudo, as religi\u00f5es de matrizes afro-brasileiras, o MPF buscou informa\u00e7\u00f5es sobre como as not\u00edcias de fatos est\u00e3o sendo recebidas e tratadas no pa\u00eds O Minist\u00e9rio P\u00fablico Federal (MPF) far\u00e1, no dia 28 de agosto de 2019, o semin\u00e1rio &#8220;Persegui\u00e7\u00e3o Religiosa: Um Estado de [&hellip;]<\/p>\n","protected":false},"author":27,"featured_media":0,"comment_status":"open","ping_status":"closed","sticky":false,"template":"","format":"standard","meta":{"footnotes":""},"categories":[2719],"tags":[15907,847,781,1575,11763,453,7937,2149,4031,14722,267,4427],"class_list":["post-13537","post","type-post","status-publish","format-standard","hentry","category-servidor","tag-afro-brasileiras","tag-debate","tag-inscricoes","tag-intolerancia","tag-matrizes","tag-mpf","tag-noticias","tag-perseguicao","tag-relatorio","tag-religiosa","tag-seminario","tag-violencia"],"_links":{"self":[{"href":"https:\/\/blogs.correiobraziliense.com.br\/servidor\/wp-json\/wp\/v2\/posts\/13537","targetHints":{"allow":["GET"]}}],"collection":[{"href":"https:\/\/blogs.correiobraziliense.com.br\/servidor\/wp-json\/wp\/v2\/posts"}],"about":[{"href":"https:\/\/blogs.correiobraziliense.com.br\/servidor\/wp-json\/wp\/v2\/types\/post"}],"author":[{"embeddable":true,"href":"https:\/\/blogs.correiobraziliense.com.br\/servidor\/wp-json\/wp\/v2\/users\/27"}],"replies":[{"embeddable":true,"href":"https:\/\/blogs.correiobraziliense.com.br\/servidor\/wp-json\/wp\/v2\/comments?post=13537"}],"version-history":[{"count":1,"href":"https:\/\/blogs.correiobraziliense.com.br\/servidor\/wp-json\/wp\/v2\/posts\/13537\/revisions"}],"predecessor-version":[{"id":13539,"href":"https:\/\/blogs.correiobraziliense.com.br\/servidor\/wp-json\/wp\/v2\/posts\/13537\/revisions\/13539"}],"wp:attachment":[{"href":"https:\/\/blogs.correiobraziliense.com.br\/servidor\/wp-json\/wp\/v2\/media?parent=13537"}],"wp:term":[{"taxonomy":"category","embeddable":true,"href":"https:\/\/blogs.correiobraziliense.com.br\/servidor\/wp-json\/wp\/v2\/categories?post=13537"},{"taxonomy":"post_tag","embeddable":true,"href":"https:\/\/blogs.correiobraziliense.com.br\/servidor\/wp-json\/wp\/v2\/tags?post=13537"}],"curies":[{"name":"wp","href":"https:\/\/api.w.org\/{rel}","templated":true}]}}