{"id":13525,"date":"2019-08-12T12:17:57","date_gmt":"2019-08-12T15:17:57","guid":{"rendered":"https:\/\/blogs.correiobraziliense.com.br\/servidor\/?p=13525"},"modified":"2019-08-12T12:17:57","modified_gmt":"2019-08-12T15:17:57","slug":"enap-fronteiras-e-tendencias-como-repensar-a-educacao","status":"publish","type":"post","link":"https:\/\/blogs.correiobraziliense.com.br\/servidor\/enap-fronteiras-e-tendencias-como-repensar-a-educacao\/","title":{"rendered":"Enap Fronteiras e Tend\u00eancias &#8211; Como Repensar a Educa\u00e7\u00e3o"},"content":{"rendered":"<p><em>A Escola Nacional de Administra\u00e7\u00e3o P\u00fablica (Enap) discute temas atuais e relevantes para o governo, com o objetivo de incentivar o constante aprendizado \u00e0s lideran\u00e7as da administra\u00e7\u00e3o p\u00fablica. Na quarta-feira (14), o professor e pesquisador do Insper Fernando Schuler far\u00e1 uma an\u00e1lise da crise do modelo atual, do problema estrutural do Estado brasileiro e das poss\u00edveis inova\u00e7\u00f5es na gest\u00e3o da educa\u00e7\u00e3o<\/em><\/p>\n<p><img loading=\"lazy\" decoding=\"async\" class=\"size-full wp-image-13526 aligncenter\" src=\"https:\/\/blogs.correiobraziliense.com.br\/servidor\/wp-content\/uploads\/sites\/10\/2019\/08\/schulerschuler.jpg\" alt=\"\" width=\"807\" height=\"657\" srcset=\"https:\/\/blogs.correiobraziliense.com.br\/servidor\/wp-content\/uploads\/sites\/10\/2019\/08\/schulerschuler.jpg 807w, https:\/\/blogs.correiobraziliense.com.br\/servidor\/wp-content\/uploads\/sites\/10\/2019\/08\/schulerschuler-300x244.jpg 300w, https:\/\/blogs.correiobraziliense.com.br\/servidor\/wp-content\/uploads\/sites\/10\/2019\/08\/schulerschuler-768x625.jpg 768w, https:\/\/blogs.correiobraziliense.com.br\/servidor\/wp-content\/uploads\/sites\/10\/2019\/08\/schulerschuler-350x285.jpg 350w, https:\/\/blogs.correiobraziliense.com.br\/servidor\/wp-content\/uploads\/sites\/10\/2019\/08\/schulerschuler-550x448.jpg 550w, https:\/\/blogs.correiobraziliense.com.br\/servidor\/wp-content\/uploads\/sites\/10\/2019\/08\/schulerschuler-230x187.jpg 230w\" sizes=\"auto, (max-width: 807px) 100vw, 807px\" \/><\/p>\n<p>Fernando Schuler \u00e9 professor e pesquisador do Insper e titular da C\u00e1tedra Insper e Palavra Aberta. \u00c9 doutor em Filosofia e mestre em Ci\u00eancias Pol\u00edticas pela Universidade Federal do Rio Grande do Sul (UFRGS), com p\u00f3s-doutorado pela Universidade de Columbia, em Nova Iorque. \u00c9 especialista em Pol\u00edticas P\u00fablicas e Gest\u00e3o Governamental, pela Escola Nacional de Administra\u00e7\u00e3o P\u00fablica (Enap) e especialista em Gest\u00e3o Cultural e Coopera\u00e7\u00e3o Ibero-americana pela Universidade de Barcelona (UB). Foi secret\u00e1rio de Estado da Justi\u00e7a e do Desenvolvimento Social do Rio Grande do Sul, Diretor da Funda\u00e7\u00e3o Iber\u00ea Camargo e do Ibmec, no Rio de Janeiro. Foi bolsista do Faculty Research Program, do International Council for Canadian Studies, em Toronto, no Canad\u00e1. E criador e curador do Projeto Fronteiras do Pensamento. \u00c9 colunista do Jornal Folha de S\u00e3o Paulo e da R\u00e1dio e TV BandNews.<\/p>\n<p>&nbsp;<\/p>\n","protected":false},"excerpt":{"rendered":"<p>A Escola Nacional de Administra\u00e7\u00e3o P\u00fablica (Enap) discute temas atuais e relevantes para o governo, com o objetivo de incentivar o constante aprendizado \u00e0s lideran\u00e7as da administra\u00e7\u00e3o p\u00fablica. Na quarta-feira (14), o professor e pesquisador do Insper Fernando Schuler far\u00e1 uma an\u00e1lise da crise do modelo atual, do problema estrutural do Estado brasileiro e das poss\u00edveis inova\u00e7\u00f5es na gest\u00e3o da [&hellip;]<\/p>\n","protected":false},"author":27,"featured_media":0,"comment_status":"open","ping_status":"closed","sticky":false,"template":"","format":"standard","meta":{"footnotes":""},"categories":[2719],"tags":[13380,7449,366,48,308,15904,315,98,4816,1256,565,15903],"class_list":["post-13525","post","type-post","status-publish","format-standard","hentry","category-servidor","tag-adminsitracao-publica","tag-aprendizado","tag-crise","tag-educacao","tag-enap","tag-fernando-schuler","tag-gestao","tag-governo","tag-inovacoes","tag-liderancas","tag-modelo","tag-repensar"],"_links":{"self":[{"href":"https:\/\/blogs.correiobraziliense.com.br\/servidor\/wp-json\/wp\/v2\/posts\/13525","targetHints":{"allow":["GET"]}}],"collection":[{"href":"https:\/\/blogs.correiobraziliense.com.br\/servidor\/wp-json\/wp\/v2\/posts"}],"about":[{"href":"https:\/\/blogs.correiobraziliense.com.br\/servidor\/wp-json\/wp\/v2\/types\/post"}],"author":[{"embeddable":true,"href":"https:\/\/blogs.correiobraziliense.com.br\/servidor\/wp-json\/wp\/v2\/users\/27"}],"replies":[{"embeddable":true,"href":"https:\/\/blogs.correiobraziliense.com.br\/servidor\/wp-json\/wp\/v2\/comments?post=13525"}],"version-history":[{"count":1,"href":"https:\/\/blogs.correiobraziliense.com.br\/servidor\/wp-json\/wp\/v2\/posts\/13525\/revisions"}],"predecessor-version":[{"id":13527,"href":"https:\/\/blogs.correiobraziliense.com.br\/servidor\/wp-json\/wp\/v2\/posts\/13525\/revisions\/13527"}],"wp:attachment":[{"href":"https:\/\/blogs.correiobraziliense.com.br\/servidor\/wp-json\/wp\/v2\/media?parent=13525"}],"wp:term":[{"taxonomy":"category","embeddable":true,"href":"https:\/\/blogs.correiobraziliense.com.br\/servidor\/wp-json\/wp\/v2\/categories?post=13525"},{"taxonomy":"post_tag","embeddable":true,"href":"https:\/\/blogs.correiobraziliense.com.br\/servidor\/wp-json\/wp\/v2\/tags?post=13525"}],"curies":[{"name":"wp","href":"https:\/\/api.w.org\/{rel}","templated":true}]}}