{"id":13519,"date":"2019-08-08T17:45:51","date_gmt":"2019-08-08T20:45:51","guid":{"rendered":"https:\/\/blogs.correiobraziliense.com.br\/servidor\/?p=13519"},"modified":"2019-08-08T17:45:51","modified_gmt":"2019-08-08T20:45:51","slug":"sindicato-aponta-ataque-ao-estado-laico-pela-sedes-em-restaurantes-comunitarios","status":"publish","type":"post","link":"https:\/\/blogs.correiobraziliense.com.br\/servidor\/sindicato-aponta-ataque-ao-estado-laico-pela-sedes-em-restaurantes-comunitarios\/","title":{"rendered":"Sindicato aponta ataque ao estado laico pela Sedes em restaurantes comunit\u00e1rios"},"content":{"rendered":"<p><em>O Sindicato dos Servidores da Assist\u00eancia Social e Cultural do GDF (Sindsasc) contesta a iniciativa da Secretaria de Desenvolvimento Social (Sedes) em estimular apresenta\u00e7\u00f5es de m\u00fasica gospel nos restaurantes comunit\u00e1rios<\/em><\/p>\n<p>A secretaria divulgou que, nesta sexta-feira (9 de agosto), seis unidades recebem m\u00fasica ao vivo durante o hor\u00e1rio de almo\u00e7o. O presidente da entidade, Clayton Avelar, alerta para o uso inconstitucional de equipamentos p\u00fablicos como palcos de religi\u00f5es evang\u00e9licas. \u201cO Sindsasc \u00e9 favor\u00e1vel \u00e0 liberdade religiosa, mas se a Sedes promove apenas m\u00fasica evang\u00e9lica, o princ\u00edpio de laicidade do Estado \u00e9 atacado. Esperamos que a secretaria reveja essa postura\u201d, avalia.<\/p>\n<p>De acordo com o sindicato, o ideal \u00e9 que a Sedes desfa\u00e7a o convite para apresenta\u00e7\u00f5es de m\u00fasica evang\u00e9lica nos restaurantes comunit\u00e1rios. \u201cO Estado n\u00e3o tem uma religi\u00e3o e n\u00e3o pode promover o proselitismo. Vamos entrar em contato com a secretaria para tentar revisar essa pr\u00e1tica\u201d, completa Clayton.<\/p>\n<p>As apresenta\u00e7\u00f5es musicais, conforme informa\u00e7\u00f5es do Governo do Distrito Federal (GDF), est\u00e3o programadas nos restaurantes comunit\u00e1rios do Recanto das Emas, Ceil\u00e2ndia, Gama, Parano\u00e1, Santa Maria e S\u00e3o Sebasti\u00e3o. De acordo com mat\u00e9ria publicada pela Ag\u00eancia Bras\u00edlia, o repert\u00f3rio musical tem m\u00fasica gospel, rom\u00e2ntica, MPB, forr\u00f3 e sertanejo.<\/p>\n","protected":false},"excerpt":{"rendered":"<p>O Sindicato dos Servidores da Assist\u00eancia Social e Cultural do GDF (Sindsasc) contesta a iniciativa da Secretaria de Desenvolvimento Social (Sedes) em estimular apresenta\u00e7\u00f5es de m\u00fasica gospel nos restaurantes comunit\u00e1rios A secretaria divulgou que, nesta sexta-feira (9 de agosto), seis unidades recebem m\u00fasica ao vivo durante o hor\u00e1rio de almo\u00e7o. O presidente da entidade, Clayton Avelar, alerta para o uso [&hellip;]<\/p>\n","protected":false},"author":27,"featured_media":0,"comment_status":"open","ping_status":"closed","sticky":false,"template":"","format":"standard","meta":{"footnotes":""},"categories":[2719],"tags":[7396,15895,56,291,15894,1757,15896,15897,11348,6374,15893,11776],"class_list":["post-13519","post","type-post","status-publish","format-standard","hentry","category-servidor","tag-almoco","tag-comunitarios","tag-estado","tag-inconstitucional","tag-laico","tag-liberdade","tag-palcos","tag-proselitismo","tag-religioes","tag-restaurantes","tag-sedes","tag-sindsasc"],"_links":{"self":[{"href":"https:\/\/blogs.correiobraziliense.com.br\/servidor\/wp-json\/wp\/v2\/posts\/13519","targetHints":{"allow":["GET"]}}],"collection":[{"href":"https:\/\/blogs.correiobraziliense.com.br\/servidor\/wp-json\/wp\/v2\/posts"}],"about":[{"href":"https:\/\/blogs.correiobraziliense.com.br\/servidor\/wp-json\/wp\/v2\/types\/post"}],"author":[{"embeddable":true,"href":"https:\/\/blogs.correiobraziliense.com.br\/servidor\/wp-json\/wp\/v2\/users\/27"}],"replies":[{"embeddable":true,"href":"https:\/\/blogs.correiobraziliense.com.br\/servidor\/wp-json\/wp\/v2\/comments?post=13519"}],"version-history":[{"count":1,"href":"https:\/\/blogs.correiobraziliense.com.br\/servidor\/wp-json\/wp\/v2\/posts\/13519\/revisions"}],"predecessor-version":[{"id":13520,"href":"https:\/\/blogs.correiobraziliense.com.br\/servidor\/wp-json\/wp\/v2\/posts\/13519\/revisions\/13520"}],"wp:attachment":[{"href":"https:\/\/blogs.correiobraziliense.com.br\/servidor\/wp-json\/wp\/v2\/media?parent=13519"}],"wp:term":[{"taxonomy":"category","embeddable":true,"href":"https:\/\/blogs.correiobraziliense.com.br\/servidor\/wp-json\/wp\/v2\/categories?post=13519"},{"taxonomy":"post_tag","embeddable":true,"href":"https:\/\/blogs.correiobraziliense.com.br\/servidor\/wp-json\/wp\/v2\/tags?post=13519"}],"curies":[{"name":"wp","href":"https:\/\/api.w.org\/{rel}","templated":true}]}}