{"id":13514,"date":"2019-08-08T17:17:21","date_gmt":"2019-08-08T20:17:21","guid":{"rendered":"https:\/\/blogs.correiobraziliense.com.br\/servidor\/?p=13514"},"modified":"2019-08-08T17:17:21","modified_gmt":"2019-08-08T20:17:21","slug":"faculdade-da-anasps-forma-primeira-turma-do-curso-de-tecnologia-em-gestao-publica","status":"publish","type":"post","link":"https:\/\/blogs.correiobraziliense.com.br\/servidor\/faculdade-da-anasps-forma-primeira-turma-do-curso-de-tecnologia-em-gestao-publica\/","title":{"rendered":"Faculdade da Anasps forma primeira turma do curso de Tecnologia em Gest\u00e3o P\u00fablica"},"content":{"rendered":"<p><em>O presidente e o vice-presidente da Associa\u00e7\u00e3o Nacional dos Servidores P\u00fablicos da Previd\u00eancia e da Seguridade Social (Anasps), Alexandre Barreto Lisboa e Paulo Cesar R\u00e9gis de Souza, entregaram nesta semana, em Brasilia, os diplomas dos formandos da primeira turma do curso de Tecnologia em Gest\u00e3o P\u00fablica, da Faculdade Anasps, cumprindo a miss\u00e3o estabelecida h\u00e1 tr\u00eas anos de criar uma institui\u00e7\u00e3o de ensino voltada para as necessidades de capacita\u00e7\u00e3o profissional dos servidores da Previd\u00eancia Social<\/em><\/p>\n<p><img loading=\"lazy\" decoding=\"async\" class=\"size-full wp-image-13515 aligncenter\" src=\"https:\/\/blogs.correiobraziliense.com.br\/servidor\/wp-content\/uploads\/sites\/10\/2019\/08\/14.jpg\" alt=\"\" width=\"594\" height=\"330\" srcset=\"https:\/\/blogs.correiobraziliense.com.br\/servidor\/wp-content\/uploads\/sites\/10\/2019\/08\/14.jpg 594w, https:\/\/blogs.correiobraziliense.com.br\/servidor\/wp-content\/uploads\/sites\/10\/2019\/08\/14-300x167.jpg 300w, https:\/\/blogs.correiobraziliense.com.br\/servidor\/wp-content\/uploads\/sites\/10\/2019\/08\/14-350x194.jpg 350w, https:\/\/blogs.correiobraziliense.com.br\/servidor\/wp-content\/uploads\/sites\/10\/2019\/08\/14-550x306.jpg 550w, https:\/\/blogs.correiobraziliense.com.br\/servidor\/wp-content\/uploads\/sites\/10\/2019\/08\/14-230x128.jpg 230w\" sizes=\"auto, (max-width: 594px) 100vw, 594px\" \/><\/p>\n<p>De acordo com Alexandre Barreto Lisboa, \u201cfoi uma luta em que s\u00f3 nos acredit\u00e1vamos, pois os desafios foram muitos&#8221;. H\u00e1 anos, disse, o INSS estudava a cria\u00e7\u00e3o de um Centro de Treinamento, que ficou no papel. &#8220;A Anasps tomou a sua miss\u00e3o de criar uma Faculdade para o INSS. Como muitos dos alunos n\u00e3o podiam pagar as mensalidades, a Anasps inovou e instituiu bolsas de estudo e arcou cm os custos de instala\u00e7\u00e3o e manuten\u00e7\u00e3o, equipamentos de ultima gera\u00e7\u00e3o, professores e alunos. Vencemos&#8221;, comemorou Lisboa. Paulo Cesar anunciou que, em 2020, a Faculdade Anasps, mantidas as condi\u00e7\u00f5es b\u00e1sicas de seu financiamento, ampliar\u00e1 suas atividades, dando \u00eanfase principalmente aos cursos \u00e0 distancia, mantendo o curso presencial, ajustado \u00e0s novas exig\u00eancias de gest\u00e3o do INSS.<\/p>\n","protected":false},"excerpt":{"rendered":"<p>O presidente e o vice-presidente da Associa\u00e7\u00e3o Nacional dos Servidores P\u00fablicos da Previd\u00eancia e da Seguridade Social (Anasps), Alexandre Barreto Lisboa e Paulo Cesar R\u00e9gis de Souza, entregaram nesta semana, em Brasilia, os diplomas dos formandos da primeira turma do curso de Tecnologia em Gest\u00e3o P\u00fablica, da Faculdade Anasps, cumprindo a miss\u00e3o estabelecida h\u00e1 tr\u00eas anos de criar uma institui\u00e7\u00e3o [&hellip;]<\/p>\n","protected":false},"author":27,"featured_media":0,"comment_status":"open","ping_status":"closed","sticky":false,"template":"","format":"standard","meta":{"footnotes":""},"categories":[2719],"tags":[3866,881,1076,1296,15884,15886,11,15887,1678,1603,478,58,15885,11090],"class_list":["post-13514","post","type-post","status-publish","format-standard","hentry","category-servidor","tag-capacitacao","tag-compromisso","tag-curso","tag-ensino","tag-faculdade-anasps","tag-formandos","tag-inss","tag-instiuicao","tag-missao","tag-previdencia-social","tag-profissional","tag-servidores","tag-tecnologia-em-gestao-publica","tag-turma"],"_links":{"self":[{"href":"https:\/\/blogs.correiobraziliense.com.br\/servidor\/wp-json\/wp\/v2\/posts\/13514","targetHints":{"allow":["GET"]}}],"collection":[{"href":"https:\/\/blogs.correiobraziliense.com.br\/servidor\/wp-json\/wp\/v2\/posts"}],"about":[{"href":"https:\/\/blogs.correiobraziliense.com.br\/servidor\/wp-json\/wp\/v2\/types\/post"}],"author":[{"embeddable":true,"href":"https:\/\/blogs.correiobraziliense.com.br\/servidor\/wp-json\/wp\/v2\/users\/27"}],"replies":[{"embeddable":true,"href":"https:\/\/blogs.correiobraziliense.com.br\/servidor\/wp-json\/wp\/v2\/comments?post=13514"}],"version-history":[{"count":1,"href":"https:\/\/blogs.correiobraziliense.com.br\/servidor\/wp-json\/wp\/v2\/posts\/13514\/revisions"}],"predecessor-version":[{"id":13516,"href":"https:\/\/blogs.correiobraziliense.com.br\/servidor\/wp-json\/wp\/v2\/posts\/13514\/revisions\/13516"}],"wp:attachment":[{"href":"https:\/\/blogs.correiobraziliense.com.br\/servidor\/wp-json\/wp\/v2\/media?parent=13514"}],"wp:term":[{"taxonomy":"category","embeddable":true,"href":"https:\/\/blogs.correiobraziliense.com.br\/servidor\/wp-json\/wp\/v2\/categories?post=13514"},{"taxonomy":"post_tag","embeddable":true,"href":"https:\/\/blogs.correiobraziliense.com.br\/servidor\/wp-json\/wp\/v2\/tags?post=13514"}],"curies":[{"name":"wp","href":"https:\/\/api.w.org\/{rel}","templated":true}]}}