{"id":13502,"date":"2019-08-07T19:38:19","date_gmt":"2019-08-07T22:38:19","guid":{"rendered":"https:\/\/blogs.correiobraziliense.com.br\/servidor\/?p=13502"},"modified":"2019-08-07T19:38:19","modified_gmt":"2019-08-07T22:38:19","slug":"mpf-pede-esclarecimentos-ao-governo-sobre-composicao-da-comissao-especial-sobre-mortos-e-desaparecidos-politicos","status":"publish","type":"post","link":"https:\/\/blogs.correiobraziliense.com.br\/servidor\/mpf-pede-esclarecimentos-ao-governo-sobre-composicao-da-comissao-especial-sobre-mortos-e-desaparecidos-politicos\/","title":{"rendered":"MPF pede esclarecimentos ao governo sobre composi\u00e7\u00e3o da Comiss\u00e3o Especial sobre Mortos e Desaparecidos Pol\u00edticos"},"content":{"rendered":"<p><em><strong><span style=\"text-align: left;color: #999999;line-height: 22.5px;text-indent: 0px;letter-spacing: normal;font-family: 'Titillium Web',sans-serif;font-size: 15px;font-variant: normal;text-decoration: none;float: none;background-color: transparent\">O objetivo \u00e9 apurar adequa\u00e7\u00e3o das indica\u00e7\u00f5es \u00e0s finalidades legais do \u00f3rg\u00e3o, criado para o reconhecimento de mortes e desaparecimentos no contexto das viola\u00e7\u00f5es ocorridas na ditadura militar<\/span><\/strong><\/em><\/p>\n<p>O Minist\u00e9rio P\u00fablico Federal \u2013 por meio das Procuradorias Regionais dos Direitos do Cidad\u00e3o nos estados do Rio Grande do Sul e do Rio de Janeiro \u2013 pediu ao governo federal esclarecimentos sobre as designa\u00e7\u00f5es e exonera\u00e7\u00f5es dos membros da Comiss\u00e3o Especial sobre Mortos e Desaparecidos Pol\u00edticos (CEMDP).<\/p>\n<p>O objetivo \u00e9 apurar os motivos das substitui\u00e7\u00f5es, por decreto presidencial publicado em 31 de julho de 2019, que determina a altera\u00e7\u00e3o de quatro membros da Comiss\u00e3o. Para o Minist\u00e9rio P\u00fablico Federal, algumas manifesta\u00e7\u00f5es p\u00fablicas por parte de nomeados s\u00e3o incompat\u00edveis com a finalidade e escopo da CEMDP.<\/p>\n<p>\u201cEmbora a legisla\u00e7\u00e3o disponha que os membros da CEMDP s\u00e3o de livre escolha e designa\u00e7\u00e3o pelo presidente da Rep\u00fablica, o ato deve guardar adequa\u00e7\u00e3o com os prop\u00f3sitos e finalidades estabelecidas na pr\u00f3pria lei que criou a comiss\u00e3o\u201d, destacam os procuradores regionais dos Direitos do Cidad\u00e3o Enrico Rodrigues de Freitas e Sergio Suiama.<\/p>\n<p>A Comiss\u00e3o sobre Mortos e Desaparecidos Pol\u00edticos foi criada pela Lei 9.140, de 1995, com a finalidade de reconhecer pessoas mortas ou desaparecidas em raz\u00e3o de graves viola\u00e7\u00f5es aos direitos humanos ap\u00f3s o golpe civil militar no Brasil, em 1964. Tamb\u00e9m \u00e9 responsabilidade do \u00f3rg\u00e3o os esfor\u00e7os para a localizar os corpos de mortos e desaparecidos pol\u00edticos do per\u00edodo ditatorial, al\u00e9m de emitir parecer sobre os requerimentos de indeniza\u00e7\u00e3o de familiares dessas v\u00edtimas.<\/p>\n<p><strong>Pedido de esclarecimentos<\/strong><\/p>\n<p>No pedido de informa\u00e7\u00f5es encaminhado nessa ter\u00e7a-feira (6) \u00e0 ministra Damares Alves, do Minist\u00e9rio da Mulher, da Fam\u00edlia e dos Direitos Humanos \u2013 ao qual est\u00e1 vinculada a CEMDP \u2013, o Minist\u00e9rio P\u00fablico Federal solicita c\u00f3pia integral de procedimento administrativo em que tenha sido apreciada e motivada a substitui\u00e7\u00e3o dos membros da Comiss\u00e3o Especial sobre Mortos e Desaparecidos Pol\u00edticos, conforme o decreto de 31 de julho de 2019.<\/p>\n<p>O MPF tamb\u00e9m pede \u00e0 pasta que indique as raz\u00f5es e a motiva\u00e7\u00e3o que determinaram a substitui\u00e7\u00e3o\/ exonera\u00e7\u00e3o dos membros da CEMDP, al\u00e9m da apresenta\u00e7\u00e3o dos curr\u00edculos e informa\u00e7\u00f5es que determinaram a nova designa\u00e7\u00e3o, especialmente no que se refere \u00e0 adequa\u00e7\u00e3o dessas indica\u00e7\u00f5es \u00e0s finalidades legais da Comiss\u00e3o.<\/p>\n","protected":false},"excerpt":{"rendered":"<p>O objetivo \u00e9 apurar adequa\u00e7\u00e3o das indica\u00e7\u00f5es \u00e0s finalidades legais do \u00f3rg\u00e3o, criado para o reconhecimento de mortes e desaparecimentos no contexto das viola\u00e7\u00f5es ocorridas na ditadura militar O Minist\u00e9rio P\u00fablico Federal \u2013 por meio das Procuradorias Regionais dos Direitos do Cidad\u00e3o nos estados do Rio Grande do Sul e do Rio de Janeiro \u2013 pediu ao governo federal esclarecimentos [&hellip;]<\/p>\n","protected":false},"author":27,"featured_media":0,"comment_status":"open","ping_status":"closed","sticky":false,"template":"","format":"standard","meta":{"footnotes":""},"categories":[2719],"tags":[7108,15879,15878,1567,1172,15880,10179,321,12266,8725,1522,156,453,2071],"class_list":["post-13502","post","type-post","status-publish","format-standard","hentry","category-servidor","tag-adequacao","tag-cemdp","tag-comissao-especial-sobre-mortos-e-desaparecidos-politicos","tag-composicao","tag-decreto","tag-designacoes","tag-ditadura-militar","tag-esclarecimentos","tag-exoneracoes","tag-finalidades","tag-governo-federal","tag-membros","tag-mpf","tag-violacoes"],"_links":{"self":[{"href":"https:\/\/blogs.correiobraziliense.com.br\/servidor\/wp-json\/wp\/v2\/posts\/13502","targetHints":{"allow":["GET"]}}],"collection":[{"href":"https:\/\/blogs.correiobraziliense.com.br\/servidor\/wp-json\/wp\/v2\/posts"}],"about":[{"href":"https:\/\/blogs.correiobraziliense.com.br\/servidor\/wp-json\/wp\/v2\/types\/post"}],"author":[{"embeddable":true,"href":"https:\/\/blogs.correiobraziliense.com.br\/servidor\/wp-json\/wp\/v2\/users\/27"}],"replies":[{"embeddable":true,"href":"https:\/\/blogs.correiobraziliense.com.br\/servidor\/wp-json\/wp\/v2\/comments?post=13502"}],"version-history":[{"count":1,"href":"https:\/\/blogs.correiobraziliense.com.br\/servidor\/wp-json\/wp\/v2\/posts\/13502\/revisions"}],"predecessor-version":[{"id":13503,"href":"https:\/\/blogs.correiobraziliense.com.br\/servidor\/wp-json\/wp\/v2\/posts\/13502\/revisions\/13503"}],"wp:attachment":[{"href":"https:\/\/blogs.correiobraziliense.com.br\/servidor\/wp-json\/wp\/v2\/media?parent=13502"}],"wp:term":[{"taxonomy":"category","embeddable":true,"href":"https:\/\/blogs.correiobraziliense.com.br\/servidor\/wp-json\/wp\/v2\/categories?post=13502"},{"taxonomy":"post_tag","embeddable":true,"href":"https:\/\/blogs.correiobraziliense.com.br\/servidor\/wp-json\/wp\/v2\/tags?post=13502"}],"curies":[{"name":"wp","href":"https:\/\/api.w.org\/{rel}","templated":true}]}}