{"id":1349,"date":"2016-03-23T08:30:55","date_gmt":"2016-03-23T11:30:55","guid":{"rendered":"https:\/\/blogs.correiobraziliense.com.br\/servidor\/?p=1349"},"modified":"2016-03-22T19:11:22","modified_gmt":"2016-03-22T22:11:22","slug":"sem-garantia-de-acordo-planejamento-recebe-carreiras-do-fisco","status":"publish","type":"post","link":"https:\/\/blogs.correiobraziliense.com.br\/servidor\/sem-garantia-de-acordo-planejamento-recebe-carreiras-do-fisco\/","title":{"rendered":"SEM GARANTIA DE ACORDO, PLANEJAMENTO RECEBE CARREIRAS DO FISCO"},"content":{"rendered":"<p><span style=\"font-family: Utopia,sans-serif\"><span style=\"font-size: small\">O Minist\u00e9rio do Planejamento agendou para hoje duas reuni\u00f5es com o objetivo de, finalmente, encerrar os debates com os servidores do Fisco sobre reajuste salarial. Os impasses est\u00e3o impedindo o avan\u00e7o das negocia\u00e7\u00f5es com outras carreiras de Estado que aguardam na fila, a exemplo da Pol\u00edcia Federal, Pol\u00edcia Rodovi\u00e1ria Federal, analistas de infraestrutura e de pol\u00edticas sociais, peritos federais agr\u00e1rios e diplomatas. O primeiro encontro do dia, \u00e0s 15 horas, ser\u00e1 com os auditores. \u00c0s 17 horas, sentam-se \u00e0 mesa de negocia\u00e7\u00e3o os analistas tribut\u00e1rios. A tarefa ser\u00e1 \u00e1rdua e n\u00e3o h\u00e1 garantias de que o processo chegue hoje ao fim. Perduram s\u00e9rias diverg\u00eancias. Um grupo n\u00e3o admite ser subjugado ao outro, que tamb\u00e9m rejeita qualquer tipo de compartilhamento de atribui\u00e7\u00f5es exclusivas.<\/span><\/span><\/p>\n<p><span style=\"font-family: Utopia,sans-serif\"><span style=\"font-size: small\">Uma das novidades \u00e9 que os auditores, ap\u00f3s a divis\u00e3o da classe na assembleia do in\u00edcio do m\u00eas, conseguiram aprovar, por maioria (71%, entes eram 56%), a proposta do governo federal de reajuste de 21,3%, em quatro anos, mais o b\u00f4nus de efici\u00eancia de R$ 3 mil mensais, a partir de agosto. \u201cA casa est\u00e1 apaziguada. Vamos assinar a proposta conjunta \u2013 pautas remunerat\u00f3ria e n\u00e3o-remunerat\u00f3ria &#8211; e as atividades ser\u00e3o retomadas na semana que vem\u201d, destacou Claudio Damasceno, presidente do Sindicato Nacional (Sindifisco). A aparente seguran\u00e7a do l\u00edder, no entanto,n\u00e3o \u00e9 capaz de esconder o temor do conjunto da classe sobre o que poder\u00e1 acontecer nas depend\u00eancias do Minist\u00e9rio do Planejamento. <\/span><\/span><\/p>\n<p><span style=\"font-family: Utopia,sans-serif\"><span style=\"font-size: small\">Para garantir que tudo saia conforme do combinado, o Comando Nacional de Mobiliza\u00e7\u00e3o (CNM) do Sindifisco manteve a marca\u00e7\u00e3o cerrada sobre o governo. Por meio de nota, reiterou que \u201cos filiados devem seguir as orienta\u00e7\u00f5es enviadas at\u00e9 que seja assinado acordo com o governo\u201d. Ou seja, nada muda imediatamente em rela\u00e7\u00e3o \u00e0s paralisa\u00e7\u00f5es, em todo o Brasil, no movimento que ficou conhecido como \u201cDias em Computador\u201d. A desconfian\u00e7a tem fundamento. Os analistas j\u00e1 anunciaram que hoje far\u00e3o mais um \u201cDia Nacional do Sim\u201d &#8211; todos em alerta para analisar o retorno do governo. Eles aceitam a pauta remunerat\u00f3ria \u2013 21,3%, mais b\u00f4nus de R$ 1,8 mil, a partir de agosto. Querem, no entanto, discutir depois a n\u00e3o-remunerat\u00f3ria.<\/span><\/span><\/p>\n<p>\u201c<span style=\"font-family: Utopia,sans-serif\"><span style=\"font-size: small\">Exigimos a separa\u00e7\u00e3o das pautas. N\u00e3o aceitamos a imposi\u00e7\u00e3o que vem do governo e da administra\u00e7\u00e3o da Receita que privilegia um s\u00f3 cargo. \u00c9 imposs\u00edvel. E se o projeto passar com toda essa expans\u00e3o de poder aos auditores, na qual tudo \u00e9 atribui\u00e7\u00e3o deles, vamos inviabiliza-lo no Legislativo. Ou, se preciso, vamos ao Judici\u00e1rio questionar a inconstitucionalidade da medida\u201d, esclareceu Silvia Alencar. As duas classes divergentes ter\u00e3o que conviver, ainda, com uma outra pedra no sapato. Os administrativos da Receita tamb\u00e9m querem o b\u00f4nus de efici\u00eancia. <\/span><\/span><\/p>\n<p><span style=\"font-family: Utopia,sans-serif\"><span style=\"font-size: small\">O Sindicato Nacional dos Servidores Administrativos do Minist\u00e9rio da Fazenda (SindFazenda) protocolou tr\u00eas of\u00edcios ao secret\u00e1rio da Receita, Jorge Rachid, pedindo audi\u00eancia, sem sucesso. O presidente da entidade, Luis Roberto da Silva, afirmou que a categoria est\u00e1 preocupada com o fato de as discuss\u00f5es sobre a gratifica\u00e7\u00e3o envolver apenas servidores da carreira de auditoria (auditores e analistas) como se \u201csomente eles participam e contribuem para o alcance das metas de arrecada\u00e7\u00e3o do governo federal\u201d. Ele n\u00e3o descarta, para breve, uma paralisa\u00e7\u00e3o dos mais de 9 mil funcion\u00e1rios, que hoje ganham entre R$ 3,4 mil e R$ 8 mil (n\u00edveis auxiliar, intermedi\u00e1rio e superior).<\/span><\/span><\/p>\n<p><span style=\"font-family: Utopia,sans-serif\"><span style=\"font-size: small\">Silva informou que a categoria vive em constante desvio de fun\u00e7\u00e3o. Trabalham lado a lado e fazem o mesmo servi\u00e7o que os analistas (cujos sal\u00e1rios v\u00e3o de R$ 9,2 mil a R$ 13,4 mil) e recebem quase a metade. \u201cAnte o exposto, solicitamos aos administradores que insiram, na brevidade que o caso requer, os servidores integrantes do PECFAZ no debate acerca da forma de distribui\u00e7\u00e3o do &#8216;b\u00f4nus de efici\u00eancia&#8217;, sob pena de criar mais uma situa\u00e7\u00e3o insustent\u00e1vel dentro da institui\u00e7\u00e3o\u201d, avisa o Sindicato, em of\u00edcio protocolado em ourubro de 2015.<\/span><\/span><\/p>\n","protected":false},"excerpt":{"rendered":"<p>O Minist\u00e9rio do Planejamento agendou para hoje duas reuni\u00f5es com o objetivo de, finalmente, encerrar os debates com os servidores do Fisco sobre reajuste salarial. Os impasses est\u00e3o impedindo o avan\u00e7o das negocia\u00e7\u00f5es com outras carreiras de Estado que aguardam na fila, a exemplo da Pol\u00edcia Federal, Pol\u00edcia Rodovi\u00e1ria Federal, analistas de infraestrutura e de pol\u00edticas sociais, peritos federais agr\u00e1rios [&hellip;]<\/p>\n","protected":false},"author":27,"featured_media":0,"comment_status":"open","ping_status":"closed","sticky":false,"template":"","format":"standard","meta":{"footnotes":""},"categories":[1],"tags":[112,381,1315,31,1468,55,247,1466,894,3,1469,1467,1470],"class_list":["post-1349","post","type-post","status-publish","format-standard","hentry","category-sem-categoria","tag-acordo","tag-analistas","tag-atribuicoes","tag-auditores","tag-bonus-de-eficiencia","tag-carreiras","tag-fisco","tag-garantia","tag-negociacoes","tag-planejamento","tag-pofder","tag-recebe","tag-salariais"],"_links":{"self":[{"href":"https:\/\/blogs.correiobraziliense.com.br\/servidor\/wp-json\/wp\/v2\/posts\/1349","targetHints":{"allow":["GET"]}}],"collection":[{"href":"https:\/\/blogs.correiobraziliense.com.br\/servidor\/wp-json\/wp\/v2\/posts"}],"about":[{"href":"https:\/\/blogs.correiobraziliense.com.br\/servidor\/wp-json\/wp\/v2\/types\/post"}],"author":[{"embeddable":true,"href":"https:\/\/blogs.correiobraziliense.com.br\/servidor\/wp-json\/wp\/v2\/users\/27"}],"replies":[{"embeddable":true,"href":"https:\/\/blogs.correiobraziliense.com.br\/servidor\/wp-json\/wp\/v2\/comments?post=1349"}],"version-history":[{"count":1,"href":"https:\/\/blogs.correiobraziliense.com.br\/servidor\/wp-json\/wp\/v2\/posts\/1349\/revisions"}],"predecessor-version":[{"id":1350,"href":"https:\/\/blogs.correiobraziliense.com.br\/servidor\/wp-json\/wp\/v2\/posts\/1349\/revisions\/1350"}],"wp:attachment":[{"href":"https:\/\/blogs.correiobraziliense.com.br\/servidor\/wp-json\/wp\/v2\/media?parent=1349"}],"wp:term":[{"taxonomy":"category","embeddable":true,"href":"https:\/\/blogs.correiobraziliense.com.br\/servidor\/wp-json\/wp\/v2\/categories?post=1349"},{"taxonomy":"post_tag","embeddable":true,"href":"https:\/\/blogs.correiobraziliense.com.br\/servidor\/wp-json\/wp\/v2\/tags?post=1349"}],"curies":[{"name":"wp","href":"https:\/\/api.w.org\/{rel}","templated":true}]}}