{"id":13489,"date":"2019-08-07T12:57:52","date_gmt":"2019-08-07T15:57:52","guid":{"rendered":"https:\/\/blogs.correiobraziliense.com.br\/servidor\/?p=13489"},"modified":"2019-08-07T13:31:58","modified_gmt":"2019-08-07T16:31:58","slug":"auditores-da-receita-marcam-ato-no-stf-contra-decisao-de-alexandre-de-moraes","status":"publish","type":"post","link":"https:\/\/blogs.correiobraziliense.com.br\/servidor\/auditores-da-receita-marcam-ato-no-stf-contra-decisao-de-alexandre-de-moraes\/","title":{"rendered":"Auditores da Receita marcam ato no STF contra decis\u00e3o de Alexandre de Moraes"},"content":{"rendered":"<p><em>O protesto \u00e9 contra a decis\u00e3o do ministro Alexandre de Moraes, que suspendeu as fiscaliza\u00e7\u00f5es envolvendo altas autoridades (em rela\u00e7\u00e3o a dois ministros da Corte) e afastou dois auditores fiscais. Vir\u00e3o profissionais de v\u00e1rios Estados<\/em><\/p>\n<p>A decis\u00e3o vem rendendo indigna\u00e7\u00e3o de todas as partes. At\u00e9 a c\u00fapula da Receita Federal, em carta aberta, criticou a medida do Supremo Tribunal Federal (STF) que afastou dois auditores fiscais e suspendeu os processos contra um grupo de 133 autoridades dos tr\u00eas Podere, e seus dependentes. O ministro Alexandre de Moraes, al\u00e9m de afastar dois auditores-fiscais, tomou depoimento de outros quatro. Mas o Fisco, em defesa dos profissionais, destaca que eles apenas atuaram dentro da lei e dos normativos que regulam a atua\u00e7\u00e3o da fiscaliza\u00e7\u00e3o da Receita Federal.<\/p>\n","protected":false},"excerpt":{"rendered":"<p>O protesto \u00e9 contra a decis\u00e3o do ministro Alexandre de Moraes, que suspendeu as fiscaliza\u00e7\u00f5es envolvendo altas autoridades (em rela\u00e7\u00e3o a dois ministros da Corte) e afastou dois auditores fiscais. Vir\u00e3o profissionais de v\u00e1rios Estados A decis\u00e3o vem rendendo indigna\u00e7\u00e3o de todas as partes. At\u00e9 a c\u00fapula da Receita Federal, em carta aberta, criticou a medida do Supremo Tribunal Federal [&hellip;]<\/p>\n","protected":false},"author":27,"featured_media":13494,"comment_status":"open","ping_status":"closed","sticky":false,"template":"","format":"standard","meta":{"footnotes":""},"categories":[2719],"tags":[5738,21,31,1075,718,294,34,2423],"class_list":["post-13489","post","type-post","status-publish","format-standard","has-post-thumbnail","hentry","category-servidor","tag-afastamento","tag-ato","tag-auditores","tag-profissionais","tag-protesto","tag-receita-federal","tag-stf","tag-suspensao"],"_links":{"self":[{"href":"https:\/\/blogs.correiobraziliense.com.br\/servidor\/wp-json\/wp\/v2\/posts\/13489","targetHints":{"allow":["GET"]}}],"collection":[{"href":"https:\/\/blogs.correiobraziliense.com.br\/servidor\/wp-json\/wp\/v2\/posts"}],"about":[{"href":"https:\/\/blogs.correiobraziliense.com.br\/servidor\/wp-json\/wp\/v2\/types\/post"}],"author":[{"embeddable":true,"href":"https:\/\/blogs.correiobraziliense.com.br\/servidor\/wp-json\/wp\/v2\/users\/27"}],"replies":[{"embeddable":true,"href":"https:\/\/blogs.correiobraziliense.com.br\/servidor\/wp-json\/wp\/v2\/comments?post=13489"}],"version-history":[{"count":6,"href":"https:\/\/blogs.correiobraziliense.com.br\/servidor\/wp-json\/wp\/v2\/posts\/13489\/revisions"}],"predecessor-version":[{"id":13496,"href":"https:\/\/blogs.correiobraziliense.com.br\/servidor\/wp-json\/wp\/v2\/posts\/13489\/revisions\/13496"}],"wp:featuredmedia":[{"embeddable":true,"href":"https:\/\/blogs.correiobraziliense.com.br\/servidor\/wp-json\/wp\/v2\/media\/13494"}],"wp:attachment":[{"href":"https:\/\/blogs.correiobraziliense.com.br\/servidor\/wp-json\/wp\/v2\/media?parent=13489"}],"wp:term":[{"taxonomy":"category","embeddable":true,"href":"https:\/\/blogs.correiobraziliense.com.br\/servidor\/wp-json\/wp\/v2\/categories?post=13489"},{"taxonomy":"post_tag","embeddable":true,"href":"https:\/\/blogs.correiobraziliense.com.br\/servidor\/wp-json\/wp\/v2\/tags?post=13489"}],"curies":[{"name":"wp","href":"https:\/\/api.w.org\/{rel}","templated":true}]}}