{"id":13472,"date":"2019-08-05T16:24:22","date_gmt":"2019-08-05T19:24:22","guid":{"rendered":"https:\/\/blogs.correiobraziliense.com.br\/servidor\/?p=13472"},"modified":"2019-08-05T16:24:22","modified_gmt":"2019-08-05T19:24:22","slug":"prefeitos-de-todo-o-pais-condenam-cortes-no-censo-2020","status":"publish","type":"post","link":"https:\/\/blogs.correiobraziliense.com.br\/servidor\/prefeitos-de-todo-o-pais-condenam-cortes-no-censo-2020\/","title":{"rendered":"Prefeitos de todo o pa\u00eds condenam cortes no Censo 2020"},"content":{"rendered":"<p><em>A Associa\u00e7\u00e3o Brasileira de Munic\u00edpios (AMB) divulgou nota condenando os cortes do or\u00e7amento e do question\u00e1rio do Censo 2020. De acordo com o documento, assinado pelo Presidente Ary Vannazzi, \u201cbuscaremos di\u00e1logo com parlamentares na C\u00e2mara e no Senado, bem como com o pr\u00f3prio IBGE, na expectativa de reverter o retrocesso que se desenha nos cortes de recursos e do question\u00e1rio do Censo Demogr\u00e1fico 2020&#8243;<\/em><\/p>\n<p>Veja a nota:<\/p>\n<p>&#8221; Associa\u00e7\u00e3o Brasileira de Munic\u00edpios (ABM) expressa sua profunda preocupa\u00e7\u00e3o quanto ao corte de 25% anuciado pelo Governo Federal no or\u00e7amento do IBGE (Instituto Brasileiro de Geografia e Estat\u00edstica), tanto quanto \u00e0 redu\u00e7\u00e3o de cerca de 32% no question\u00e1rio a ser aplicado no Censo Demogr\u00e1fico 2020.<\/p>\n<p>Os dados colhidos e publicados pelo instituto revelam realidades, por vezes, inconvenientes, nas quais, como gestores, temos a obriga\u00e7\u00e3o de intervir, visando a melhorar a vida do povo de cada cidade. As informa\u00e7\u00f5es do Censo s\u00e3o de fundamental import\u00e2ncia para conhecermos com confi\u00e1vel grau de precis\u00e3o as condi\u00e7\u00f5es de vida do povo, e assim, elaborarmos, planejarmos e avaliarmos as pol\u00edticas p\u00fablicas.<\/p>\n<p>Alertamos para o perigo de se produzir um grande apag\u00e3o estat\u00edstico, com a perda de informa\u00e7\u00f5es fundamentais para os agentes da administra\u00e7\u00e3o p\u00fablica nos diversos \u00e2mbitos. Os munic\u00edpios ser\u00e3o violentamente afetados pela perda de dados, pois eles tamb\u00e9m servem de refer\u00eancia para o repasse de recursos via Fundeb (Fundo de Manuten\u00e7\u00e3o e Desenvolvimento da Educa\u00e7\u00e3o B\u00e1sica) e FPM (Fundo de Participa\u00e7\u00e3o dos Munic\u00edpios), por exemplo, bem como para a distribui\u00e7\u00e3o dos royalties do petr\u00f3leo.<\/p>\n<p>N\u00e3o \u00e9 dif\u00edcil medir o impacto de tais cortes na vida do povo e no trabalho das Prefeituras. Afinal, como desenvolver uma pol\u00edtica educacional consistente sem saber quantos\/quais os usu\u00e1rios da rede p\u00fablica e da rede privada? Como identificar locais carentes de equipamento p\u00fablico, onde se deva priorizar a constru\u00e7\u00e3o de uma escola ou creche?<\/p>\n<p>Como combater o d\u00e9ficit habitacional sem conhecer o volume do gasto da popula\u00e7\u00e3o com aluguel? Como desenvolver planejamento eficiente nas diversas \u00e1reas descartando dados e informa\u00e7\u00f5es quanto \u00e0 migra\u00e7\u00e3o, fluxo e tend\u00eancias para apontar uma proje\u00e7\u00e3o populacional? Como elaborar, fortalecer e aprimorar programas de transfer\u00eancia de renda, como o Bolsa-Fam\u00edlia, ignorando o rendimento do conjunto dos membros da fam\u00edlia?Importante registrar o impacto dessa medida, particularmente, pois, ao longo do tempo, houve perda expressiva de participa\u00e7\u00e3o da renda da pessoa de refer\u00eancia na renda do domic\u00edlio.<\/p>\n<p>Esse desastroso encaminhamento foi produto de uma a\u00e7\u00e3o unilateral, que desconsiderou os agentes envolvidos na elabora\u00e7\u00e3o, aplica\u00e7\u00e3o, an\u00e1lise dos dados, bem como da sociedade civil, universidades, centros de pesquisa e governos municipais e estaduais. A medida contraria portaria interna e procedimentos t\u00e9cnicos consolidados, desenvolvidos a partir de recomenda\u00e7\u00f5es internacionais.<\/p>\n<p>Como vimos, a redu\u00e7\u00e3o da capacidade de diagn\u00f3stico trar\u00e1 duras consequ\u00eancias, e a Administra\u00e7\u00e3o P\u00fablica perder\u00e1 largo potencial de a\u00e7\u00e3o e interven\u00e7\u00e3o. \u00c9 por isso que n\u00f3s, prefeitos e prefeitas associados \u00e0 ABM, buscaremos di\u00e1logo com parlamentares na C\u00e2mara e no Senado, bem como com o pr\u00f3prio IBGE, na expectativa de reverter o retrocesso que se desenha nos cortes de recursos e do question\u00e1rio do Censo Demogr\u00e1fico 2020.<\/p>\n<p>Ary Vanazzi<br \/>\nPresidente da Associa\u00e7\u00e3o Brasileira de Munic\u00edpios (ABM)<br \/>\ne Prefeito de S\u00e3o Leopoldo\/RS&#8221;<\/p>\n","protected":false},"excerpt":{"rendered":"<p>A Associa\u00e7\u00e3o Brasileira de Munic\u00edpios (AMB) divulgou nota condenando os cortes do or\u00e7amento e do question\u00e1rio do Censo 2020. De acordo com o documento, assinado pelo Presidente Ary Vannazzi, \u201cbuscaremos di\u00e1logo com parlamentares na C\u00e2mara e no Senado, bem como com o pr\u00f3prio IBGE, na expectativa de reverter o retrocesso que se desenha nos cortes de recursos e do question\u00e1rio [&hellip;]<\/p>\n","protected":false},"author":27,"featured_media":0,"comment_status":"open","ping_status":"closed","sticky":false,"template":"","format":"standard","meta":{"footnotes":""},"categories":[2719],"tags":[15867,61,15015,4384,2042,318,268,3687,1414,15016,316,696],"class_list":["post-13472","post","type-post","status-publish","format-standard","hentry","category-servidor","tag-abm","tag-camara","tag-censo-2020","tag-gestores","tag-ibge","tag-orcamento","tag-parlamentares","tag-prefeitos","tag-preocupacao","tag-questionario","tag-recursos","tag-senado"],"_links":{"self":[{"href":"https:\/\/blogs.correiobraziliense.com.br\/servidor\/wp-json\/wp\/v2\/posts\/13472","targetHints":{"allow":["GET"]}}],"collection":[{"href":"https:\/\/blogs.correiobraziliense.com.br\/servidor\/wp-json\/wp\/v2\/posts"}],"about":[{"href":"https:\/\/blogs.correiobraziliense.com.br\/servidor\/wp-json\/wp\/v2\/types\/post"}],"author":[{"embeddable":true,"href":"https:\/\/blogs.correiobraziliense.com.br\/servidor\/wp-json\/wp\/v2\/users\/27"}],"replies":[{"embeddable":true,"href":"https:\/\/blogs.correiobraziliense.com.br\/servidor\/wp-json\/wp\/v2\/comments?post=13472"}],"version-history":[{"count":1,"href":"https:\/\/blogs.correiobraziliense.com.br\/servidor\/wp-json\/wp\/v2\/posts\/13472\/revisions"}],"predecessor-version":[{"id":13473,"href":"https:\/\/blogs.correiobraziliense.com.br\/servidor\/wp-json\/wp\/v2\/posts\/13472\/revisions\/13473"}],"wp:attachment":[{"href":"https:\/\/blogs.correiobraziliense.com.br\/servidor\/wp-json\/wp\/v2\/media?parent=13472"}],"wp:term":[{"taxonomy":"category","embeddable":true,"href":"https:\/\/blogs.correiobraziliense.com.br\/servidor\/wp-json\/wp\/v2\/categories?post=13472"},{"taxonomy":"post_tag","embeddable":true,"href":"https:\/\/blogs.correiobraziliense.com.br\/servidor\/wp-json\/wp\/v2\/tags?post=13472"}],"curies":[{"name":"wp","href":"https:\/\/api.w.org\/{rel}","templated":true}]}}