{"id":13468,"date":"2019-08-05T14:25:35","date_gmt":"2019-08-05T17:25:35","guid":{"rendered":"https:\/\/blogs.correiobraziliense.com.br\/servidor\/?p=13468"},"modified":"2019-08-05T14:25:35","modified_gmt":"2019-08-05T17:25:35","slug":"curso-em-ead-formacao-completa-em-gestao-publica","status":"publish","type":"post","link":"https:\/\/blogs.correiobraziliense.com.br\/servidor\/curso-em-ead-formacao-completa-em-gestao-publica\/","title":{"rendered":"Curso em EAD &#8211; Forma\u00e7\u00e3o completa em gest\u00e3o p\u00fablica"},"content":{"rendered":"<p><em>Em tempos de profissionaliza\u00e7\u00e3o do servi\u00e7o p\u00fablico, a forma\u00e7\u00e3o online trata de governan\u00e7a, administra\u00e7\u00e3o de gabinetes institucionais e gerenciamento de crises. As inscri\u00e7\u00f5es j\u00e1 est\u00e3o abertas. O investimento \u00e9 de R$ 970, em at\u00e9 12 vezes<\/em><\/p>\n<p><span style=\"float: none;background-color: transparent;color: #333333;cursor: text;font-family: -apple-system,BlinkMacSystemFont,'Segoe UI',Roboto,Oxygen-Sans,Ubuntu,Cantarell,'Helvetica Neue',sans-serif;font-size: 16px;font-style: normal;font-variant: normal;font-weight: 400;letter-spacing: normal;text-align: left;text-decoration: none;text-indent: 0px\">Em formato de Ensino \u00e0 Dist\u00e2ncia (EAD), o curso \u00e9 promovido pela Sicoaching, escola de neg\u00f3cios. As disciplinas s\u00e3o Governan\u00e7a no setor p\u00fablico, Gest\u00e3o p\u00fablica, Gest\u00e3o de gabinete e Gerenciamento de crises. As inscri\u00e7\u00f5es j\u00e1 est\u00e3o abertas e podem ser realizadas pelo https:\/\/sicoaching.com.br. O investimento \u00e9 de R$ 970, podendo ser dividido em at\u00e9 10 vezes.<\/span><\/p>\n<p>Gerir uma institui\u00e7\u00e3o p\u00fablica \u00e9 t\u00e3o s\u00e9rio quanto administrar uma empresa privada. Para que o trabalho da entidade, \u00f3rg\u00e3o ou at\u00e9 mesmo gabinete parlamentar seja executado com lisura, transpar\u00eancia e boas pr\u00e1ticas, os gestores t\u00eam de estar capacitados para a tarefa. Para isso \u00e9 preciso ter no\u00e7\u00f5es de governan\u00e7a, estrat\u00e9gia e gerenciamento de crises. O curso Governan\u00e7a no setor p\u00fablico, gest\u00e3o de gabinete e gerenciamento de crises tem essa proposta.<\/p>\n<p>A equipe de professores \u00e9 qualificada e com ampla experi\u00eancia no setor p\u00fablico. A forma\u00e7\u00e3o tem como objetivo capacitar profissionais para atuarem pensando estrategicamente a gest\u00e3o, liderando pessoas e com compet\u00eancia para organizar equipes e gerenciar crises.<\/p>\n<p><strong>Perfil dos professores<\/strong><\/p>\n<p>Roberta Teles<br \/>\nDisciplina de Gerenciamento de Crises. \u00c9 mestra em comunica\u00e7\u00e3o e consultora de crises e jornalista, com 20 anos de mercado.\u00a0 Atua no setor p\u00fablico desde 2011.<\/p>\n<p>Coronel Villarinho<br \/>\nMestre em ci\u00eancias militares, coach e consultor em governan\u00e7a e compliance. Disciplina Governan\u00e7a no Setor P\u00fablico. Como militar, exerceu os cargos de Ordenador de Despesas, Chefe de Divis\u00e3o Administrativa, entre outros.<\/p>\n<p>Aur\u00e9lio Ara\u00fajo<br \/>\nRespons\u00e1vel pela Gest\u00e3o de Gabinete, \u00c9 especialista em gest\u00e3o de projetos, consultor e empres\u00e1rio com experi\u00eancia internacional. Foi assessor da embaixada dos EUA, chefe de gabinete na CLDF e secret\u00e1rio de estado do DF.<\/p>\n<p>Romeu Neto<br \/>\nDiretor executivo do Movimento Brasil Competitivo (MBC), Com 12 anos de experi\u00eancia como gestor p\u00fablico. Ele est\u00e1 \u00e0 frente da disciplina de Gest\u00e3o P\u00fablica.<\/p>\n<p>Magno Sipa\u00faba<br \/>\nCEO da Sicoaching Brasil, Escritor, consultor empresarial e pesquisador em comportamento organizacional. \u00c9 um dos maiores nomes da atualidade quanto o assunto \u00e9 lideran\u00e7a e coach de alto desempenho.<\/p>\n<p><strong>SERVI\u00c7O<\/strong><br \/>\nCurso EAD Governan\u00e7a no setor p\u00fablico, gest\u00e3o de gabinete e gerenciamento de crises<br \/>\nInscri\u00e7\u00f5es abertas: https:\/\/sicoaching.com.br<br \/>\nInvestimento: R$ 970,00<\/p>\n","protected":false},"excerpt":{"rendered":"<p>Em tempos de profissionaliza\u00e7\u00e3o do servi\u00e7o p\u00fablico, a forma\u00e7\u00e3o online trata de governan\u00e7a, administra\u00e7\u00e3o de gabinetes institucionais e gerenciamento de crises. As inscri\u00e7\u00f5es j\u00e1 est\u00e3o abertas. O investimento \u00e9 de R$ 970, em at\u00e9 12 vezes Em formato de Ensino \u00e0 Dist\u00e2ncia (EAD), o curso \u00e9 promovido pela Sicoaching, escola de neg\u00f3cios. As disciplinas s\u00e3o Governan\u00e7a no setor p\u00fablico, Gest\u00e3o [&hellip;]<\/p>\n","protected":false},"author":27,"featured_media":0,"comment_status":"open","ping_status":"closed","sticky":false,"template":"","format":"standard","meta":{"footnotes":""},"categories":[2719],"tags":[1191,15864,11034,4336,4443,10219,3606,1358,566,781,217,15865,3472,575],"class_list":["post-13468","post","type-post","status-publish","format-standard","hentry","category-servidor","tag-administracao","tag-cruso","tag-ead","tag-escola","tag-formacao","tag-gabinetes","tag-gerenciamento","tag-gestao-publica","tag-governanca","tag-inscricoes","tag-investimento","tag-l-crises","tag-negocios","tag-servico-publico"],"_links":{"self":[{"href":"https:\/\/blogs.correiobraziliense.com.br\/servidor\/wp-json\/wp\/v2\/posts\/13468","targetHints":{"allow":["GET"]}}],"collection":[{"href":"https:\/\/blogs.correiobraziliense.com.br\/servidor\/wp-json\/wp\/v2\/posts"}],"about":[{"href":"https:\/\/blogs.correiobraziliense.com.br\/servidor\/wp-json\/wp\/v2\/types\/post"}],"author":[{"embeddable":true,"href":"https:\/\/blogs.correiobraziliense.com.br\/servidor\/wp-json\/wp\/v2\/users\/27"}],"replies":[{"embeddable":true,"href":"https:\/\/blogs.correiobraziliense.com.br\/servidor\/wp-json\/wp\/v2\/comments?post=13468"}],"version-history":[{"count":1,"href":"https:\/\/blogs.correiobraziliense.com.br\/servidor\/wp-json\/wp\/v2\/posts\/13468\/revisions"}],"predecessor-version":[{"id":13469,"href":"https:\/\/blogs.correiobraziliense.com.br\/servidor\/wp-json\/wp\/v2\/posts\/13468\/revisions\/13469"}],"wp:attachment":[{"href":"https:\/\/blogs.correiobraziliense.com.br\/servidor\/wp-json\/wp\/v2\/media?parent=13468"}],"wp:term":[{"taxonomy":"category","embeddable":true,"href":"https:\/\/blogs.correiobraziliense.com.br\/servidor\/wp-json\/wp\/v2\/categories?post=13468"},{"taxonomy":"post_tag","embeddable":true,"href":"https:\/\/blogs.correiobraziliense.com.br\/servidor\/wp-json\/wp\/v2\/tags?post=13468"}],"curies":[{"name":"wp","href":"https:\/\/api.w.org\/{rel}","templated":true}]}}