{"id":13464,"date":"2019-08-05T13:38:19","date_gmt":"2019-08-05T16:38:19","guid":{"rendered":"https:\/\/blogs.correiobraziliense.com.br\/servidor\/?p=13464"},"modified":"2019-08-05T13:42:53","modified_gmt":"2019-08-05T16:42:53","slug":"magistrados-procuradores-e-advogados-lancam-frente-permanente-de-valorizacao-e-defesa-da-justica-do-trabalho","status":"publish","type":"post","link":"https:\/\/blogs.correiobraziliense.com.br\/servidor\/magistrados-procuradores-e-advogados-lancam-frente-permanente-de-valorizacao-e-defesa-da-justica-do-trabalho\/","title":{"rendered":"Magistrados, procuradores e advogados lan\u00e7am Frente Permanente de Valoriza\u00e7\u00e3o e Defesa da Justi\u00e7a do Trabalho"},"content":{"rendered":"<p><em>Na pr\u00f3xima sexta-feira (09\/08) a Associa\u00e7\u00e3o dos Magistrados da Justi\u00e7a do Trabalho (Amatra 10) realiza um encontro in\u00e9dito de magistrados, procuradores do Trabalho e advogados. O evento ser\u00e1 em Bras\u00edlia, na sede do Tribunal (na pra\u00e7a dos tribunais superiores<\/em><\/p>\n<p>objetivo do encontro, de acordo com a ju\u00edza Audrey Choucair Vaz, presidente da Amatra 10 \u00e9 discutir v\u00e1rios pontos de interesse dos servidores e da sociedade, tais como o trabalho em plataformas (Uber e afins) e a manifesta\u00e7\u00e3o dos ju\u00edzes nas redes sociais. &#8220;Ao final, vamos lan\u00e7ar uma Frente Permanente de Defesa e Valoriza\u00e7\u00e3o da Justi\u00e7a do Trabalho e do Direito Material e Processual do Trabalho no \u00e2mbito da 10a Regi\u00e3o. A ideia \u00e9 unirmos esfor\u00e7os nas quest\u00f5es que envolvem or\u00e7amento, reposi\u00e7\u00e3o de servidores (estamos com quase 10% dos cargos vagos), al\u00e9m de incentivar o di\u00e1logo e respeito rec\u00edproco entre as carreiras&#8221;, destaca a ju\u00edza.<\/p>\n","protected":false},"excerpt":{"rendered":"<p>Na pr\u00f3xima sexta-feira (09\/08) a Associa\u00e7\u00e3o dos Magistrados da Justi\u00e7a do Trabalho (Amatra 10) realiza um encontro in\u00e9dito de magistrados, procuradores do Trabalho e advogados. O evento ser\u00e1 em Bras\u00edlia, na sede do Tribunal (na pra\u00e7a dos tribunais superiores objetivo do encontro, de acordo com a ju\u00edza Audrey Choucair Vaz, presidente da Amatra 10 \u00e9 discutir v\u00e1rios pontos de interesse [&hellip;]<\/p>\n","protected":false},"author":27,"featured_media":0,"comment_status":"open","ping_status":"closed","sticky":false,"template":"","format":"standard","meta":{"footnotes":""},"categories":[2719],"tags":[265,15862,791,55,15863,344,621,318,1235,1083,58,10579,5267],"class_list":["post-13464","post","type-post","status-publish","format-standard","hentry","category-servidor","tag-advogados","tag-amatra-10","tag-cargos","tag-carreiras","tag-frente-permanente-de-defesa-e-valorizacao-da-justica-do-trabalho","tag-juizes","tag-magistrados","tag-orcamento","tag-procuradores","tag-redes-sociais","tag-servidores","tag-uber","tag-vagos"],"_links":{"self":[{"href":"https:\/\/blogs.correiobraziliense.com.br\/servidor\/wp-json\/wp\/v2\/posts\/13464","targetHints":{"allow":["GET"]}}],"collection":[{"href":"https:\/\/blogs.correiobraziliense.com.br\/servidor\/wp-json\/wp\/v2\/posts"}],"about":[{"href":"https:\/\/blogs.correiobraziliense.com.br\/servidor\/wp-json\/wp\/v2\/types\/post"}],"author":[{"embeddable":true,"href":"https:\/\/blogs.correiobraziliense.com.br\/servidor\/wp-json\/wp\/v2\/users\/27"}],"replies":[{"embeddable":true,"href":"https:\/\/blogs.correiobraziliense.com.br\/servidor\/wp-json\/wp\/v2\/comments?post=13464"}],"version-history":[{"count":2,"href":"https:\/\/blogs.correiobraziliense.com.br\/servidor\/wp-json\/wp\/v2\/posts\/13464\/revisions"}],"predecessor-version":[{"id":13466,"href":"https:\/\/blogs.correiobraziliense.com.br\/servidor\/wp-json\/wp\/v2\/posts\/13464\/revisions\/13466"}],"wp:attachment":[{"href":"https:\/\/blogs.correiobraziliense.com.br\/servidor\/wp-json\/wp\/v2\/media?parent=13464"}],"wp:term":[{"taxonomy":"category","embeddable":true,"href":"https:\/\/blogs.correiobraziliense.com.br\/servidor\/wp-json\/wp\/v2\/categories?post=13464"},{"taxonomy":"post_tag","embeddable":true,"href":"https:\/\/blogs.correiobraziliense.com.br\/servidor\/wp-json\/wp\/v2\/tags?post=13464"}],"curies":[{"name":"wp","href":"https:\/\/api.w.org\/{rel}","templated":true}]}}