{"id":13430,"date":"2019-08-01T11:56:22","date_gmt":"2019-08-01T14:56:22","guid":{"rendered":"https:\/\/blogs.correiobraziliense.com.br\/servidor\/?p=13430"},"modified":"2019-08-01T11:56:22","modified_gmt":"2019-08-01T14:56:22","slug":"toffoli-ouve-associacoes-sobre-regulamentacao-de-redes-sociais-e-magistrados","status":"publish","type":"post","link":"https:\/\/blogs.correiobraziliense.com.br\/servidor\/toffoli-ouve-associacoes-sobre-regulamentacao-de-redes-sociais-e-magistrados\/","title":{"rendered":"Toffoli ouve associa\u00e7\u00f5es sobre regulamenta\u00e7\u00e3o de redes sociais e magistrados"},"content":{"rendered":"<p><em>O presidente do Supremo Tribunal Federal (STF) e do Conselho Nacional de Justi\u00e7a (CNJ), ministro Dias Toffoli, recebeu, ontem (31\/7), os presidentes de tr\u00eas associa\u00e7\u00f5es que representam a magistratura para esclarecer d\u00favidas sobre a proposta de regulamenta\u00e7\u00e3o do uso de redes sociais por magistrados<\/em><\/p>\n<p>Estiveram reunidos no gabinete da Presid\u00eancia do STF o presidente da Associa\u00e7\u00e3o dos Magistrados Brasileiros (AMB), Jayme de Oliveira, a presidente da Associa\u00e7\u00e3o Nacional dos Magistrados do Trabalho (Anamatra), Noemia Porto, e o presidente da Associa\u00e7\u00e3o dos Ju\u00edzes Federais do Brasil (Ajufe), Fernando Mendes.<\/p>\n<p>O conselheiro ministro Aloysio Corr\u00eaa da Veiga tamb\u00e9m participou do encontro, como relator da proposta que come\u00e7ou a ser discutida no Plen\u00e1rio do Conselho. Representaram o CNJ ainda o secret\u00e1rio-geral do CNJ, Carlos Vieira Von Adamek, o secret\u00e1rio Especial de Programas, Pesquisas e Gest\u00e3o Estrat\u00e9gica, juiz Richard Pae Kim, e o juiz auxiliar da Presid\u00eancia, Rodrigo Capez.<\/p>\n<p>Segundo o conselheiro Aloysio Corr\u00eaa da Veiga, a ideia do ministro Toffoli foi \u201cesclarecer pontos do projeto e ouvir as preocupa\u00e7\u00f5es das principais entidades de classe da magistratura nacional\u201d. O projeto de ato normativo come\u00e7ou a ser discutido no Plen\u00e1rio na \u00faltima sess\u00e3o do primeiro semestre, em 25 de junho. O texto \u00e9 resultado de estudos realizados pelo grupo de trabalho institu\u00eddo pela Portaria n. 91\/2019, coordenado pelo conselheiro e ministro Aloysio Corr\u00eaa da Veiga. Constam da normativa recomenda\u00e7\u00f5es sobre posturas apropriadas a um juiz nas redes sociais, que preservem a integridade do Poder Judici\u00e1rio e a confian\u00e7a da sociedade.<\/p>\n","protected":false},"excerpt":{"rendered":"<p>O presidente do Supremo Tribunal Federal (STF) e do Conselho Nacional de Justi\u00e7a (CNJ), ministro Dias Toffoli, recebeu, ontem (31\/7), os presidentes de tr\u00eas associa\u00e7\u00f5es que representam a magistratura para esclarecer d\u00favidas sobre a proposta de regulamenta\u00e7\u00e3o do uso de redes sociais por magistrados Estiveram reunidos no gabinete da Presid\u00eancia do STF o presidente da Associa\u00e7\u00e3o dos Magistrados Brasileiros (AMB), [&hellip;]<\/p>\n","protected":false},"author":27,"featured_media":0,"comment_status":"open","ping_status":"closed","sticky":false,"template":"","format":"standard","meta":{"footnotes":""},"categories":[2719],"tags":[3902,254,13583,621,1083,923,34],"class_list":["post-13430","post","type-post","status-publish","format-standard","hentry","category-servidor","tag-associacoes","tag-cnj","tag-dias-toffoli","tag-magistrados","tag-redes-sociais","tag-regulamentacao","tag-stf"],"_links":{"self":[{"href":"https:\/\/blogs.correiobraziliense.com.br\/servidor\/wp-json\/wp\/v2\/posts\/13430","targetHints":{"allow":["GET"]}}],"collection":[{"href":"https:\/\/blogs.correiobraziliense.com.br\/servidor\/wp-json\/wp\/v2\/posts"}],"about":[{"href":"https:\/\/blogs.correiobraziliense.com.br\/servidor\/wp-json\/wp\/v2\/types\/post"}],"author":[{"embeddable":true,"href":"https:\/\/blogs.correiobraziliense.com.br\/servidor\/wp-json\/wp\/v2\/users\/27"}],"replies":[{"embeddable":true,"href":"https:\/\/blogs.correiobraziliense.com.br\/servidor\/wp-json\/wp\/v2\/comments?post=13430"}],"version-history":[{"count":1,"href":"https:\/\/blogs.correiobraziliense.com.br\/servidor\/wp-json\/wp\/v2\/posts\/13430\/revisions"}],"predecessor-version":[{"id":13431,"href":"https:\/\/blogs.correiobraziliense.com.br\/servidor\/wp-json\/wp\/v2\/posts\/13430\/revisions\/13431"}],"wp:attachment":[{"href":"https:\/\/blogs.correiobraziliense.com.br\/servidor\/wp-json\/wp\/v2\/media?parent=13430"}],"wp:term":[{"taxonomy":"category","embeddable":true,"href":"https:\/\/blogs.correiobraziliense.com.br\/servidor\/wp-json\/wp\/v2\/categories?post=13430"},{"taxonomy":"post_tag","embeddable":true,"href":"https:\/\/blogs.correiobraziliense.com.br\/servidor\/wp-json\/wp\/v2\/tags?post=13430"}],"curies":[{"name":"wp","href":"https:\/\/api.w.org\/{rel}","templated":true}]}}