{"id":13411,"date":"2019-07-31T15:53:07","date_gmt":"2019-07-31T18:53:07","guid":{"rendered":"https:\/\/blogs.correiobraziliense.com.br\/servidor\/?p=13411"},"modified":"2019-07-31T15:53:07","modified_gmt":"2019-07-31T18:53:07","slug":"propostas-de-aumento-salarial-fora-dos-parametros-determinados-pelo-governo-serao-devolvidas","status":"publish","type":"post","link":"https:\/\/blogs.correiobraziliense.com.br\/servidor\/propostas-de-aumento-salarial-fora-dos-parametros-determinados-pelo-governo-serao-devolvidas\/","title":{"rendered":"Propostas de aumento salarial fora dos par\u00e2metros determinados pelo governo ser\u00e3o devolvidas"},"content":{"rendered":"<p><em>O Minist\u00e9rio da Economia vai devolver a todos os sindicatos, associa\u00e7\u00f5es, federa\u00e7\u00f5es e confedera\u00e7\u00f5es qualquer proposta de reajuste salarial ou reestrutura\u00e7\u00e3o de carreiras que n\u00e3o esteja dentro das premissas definidas pelo governo, de corte de gastos e remanejamento de pessoal<\/em><\/p>\n<p>Por meio do Of\u00edcio Circular SEI n\u00ba 2.\/2019, o secret\u00e1rio de Gest\u00e3o e Desempenho de Pessoal, Wagner Lenhart, distribuiu o aviso aos dirigentes de gest\u00e3o de pessoas dos \u00f3rg\u00e3os e entidades da administra\u00e7\u00e3o federal do Poder Executivo, no \u00faltimo dia 18 de julho. No texto, o secret\u00e1rio aproveitou para dar um pux\u00e3o de orelha nas lideran\u00e7as sindicais dos servidores, que representam, segundo o of\u00edcio, \u201caproximadamente tr\u00eas mil cargos distintos entre centenas de planos e carreiras existentes\u201d.<\/p>\n<p>\u201cAo longo do primeiro semestre deste ano, verificou-se intenso encaminhamento \u00e0 esta Secretaria de processos com propostas complexas e que n\u00e3o se coadunam com as diretrizes aqui exposta, o que demandou muitas horas de trabalho do corpo t\u00e9cnico para an\u00e1lise e resposta a essas demandas\u201d, destaca o documento. Lenhart pediu a colabora\u00e7\u00e3o de todos e fez quest\u00e3o de ressaltar que as pautas reivindicat\u00f3rias que chegaram ao \u00f3rg\u00e3o atravancaram o andamento do servi\u00e7o interno, j\u00e1 que \u201c\u00e9 indubit\u00e1vel que para a constru\u00e7\u00e3o de novos modelos de carreiras e desempenho de pessoas faz-se necess\u00e1ria a concentra\u00e7\u00e3o total dos t\u00e9cnicos desta Secretaria\u201d.<\/p>\n<p>O secret\u00e1rio lembrou que, diante do atual cen\u00e1rio de restri\u00e7\u00e3o fiscal, n\u00e3o h\u00e1 previs\u00e3o de um centavo a mais para o funcionalismo na Lei de Diretrizes Or\u00e7ament\u00e1rias para 2019 e nem no Projeto de Lei de Diretrizes Or\u00e7ament\u00e1rias para 2020, encaminhado ao Congresso Nacional, porque \u00e9 n\u00e3o \u00e9 permitido o aumento de despesas com pessoal, por determina\u00e7\u00e3o da Emenda Constitucional n\u00ba 95\/2016, conhecida como lei do teto dos gastos. Ele diz, tamb\u00e9m, que \u201co momento \u00e9, sem d\u00favida, de muitas dificuldades, mas tamb\u00e9m de oportunidades para se estabelecer novos modelos e solu\u00e7\u00f5es estruturais para a gest\u00e3o de pessoas a m\u00e9dio e longo prazos na administra\u00e7\u00e3o p\u00fablica federal\u201d.<\/p>\n<p>O modelo proposto pelo governo \u00e9 o oposto do desejado por grande parte das categorias. Tem como foco a desburocratiza\u00e7\u00e3o administrativa e os ganhos de efici\u00eancia com redu\u00e7\u00e3o ou unifica\u00e7\u00e3o das carreiras ou cargos; manuten\u00e7\u00e3o das estruturas remunerat\u00f3rias atuais, inclusive das aposentadorias e pens\u00f5es; manuten\u00e7\u00e3o dos requisitos de ingresso dos cargos efetivos, das similaridades de atribui\u00e7\u00f5es e de remunera\u00e7\u00f5es &#8211; proibindo \u201ctransposi\u00e7\u00e3o de cargos\u201d; e mobilidade e flexibilidade na movimenta\u00e7\u00e3o de pessoal. \u201cEstamos no in\u00edcio de um custoso processo de recupera\u00e7\u00e3o, que s\u00f3 ser\u00e1 s\u00f3lido e duradouro se formos capazes de realizar ajustes dif\u00edceis e reformas estruturantes, trabalhando juntos\u201d, refor\u00e7a Lenhart.<\/p>\n","protected":false},"excerpt":{"rendered":"<p>O Minist\u00e9rio da Economia vai devolver a todos os sindicatos, associa\u00e7\u00f5es, federa\u00e7\u00f5es e confedera\u00e7\u00f5es qualquer proposta de reajuste salarial ou reestrutura\u00e7\u00e3o de carreiras que n\u00e3o esteja dentro das premissas definidas pelo governo, de corte de gastos e remanejamento de pessoal Por meio do Of\u00edcio Circular SEI n\u00ba 2.\/2019, o secret\u00e1rio de Gest\u00e3o e Desempenho de Pessoal, Wagner Lenhart, distribuiu o [&hellip;]<\/p>\n","protected":false},"author":27,"featured_media":0,"comment_status":"open","ping_status":"closed","sticky":false,"template":"","format":"standard","meta":{"footnotes":""},"categories":[2719],"tags":[9703,2055,3902,75,6725,791,55,756,693,235,6145,1033,3329,15831,98,160,637,14327,7622,849,1822,54,63,1376,1620,18,58,3801,642],"class_list":["post-13411","post","type-post","status-publish","format-standard","hentry","category-servidor","tag-ajuste-fiscal","tag-aposentadorias","tag-associacoes","tag-aumento","tag-boletim-estatistico-de-pessoal","tag-cargos","tag-carreiras","tag-confederacoes","tag-congresso-nacional","tag-despesas","tag-ec-952016","tag-eficiencia","tag-federacoes","tag-gasots","tag-governo","tag-ingresso","tag-ldo","tag-ministerio-da-economia","tag-movimentacao","tag-pensoes","tag-pldo","tag-proposta","tag-reajuste","tag-reestruturacao","tag-remuneracao","tag-salarial","tag-servidores","tag-sindicatos","tag-teto"],"_links":{"self":[{"href":"https:\/\/blogs.correiobraziliense.com.br\/servidor\/wp-json\/wp\/v2\/posts\/13411","targetHints":{"allow":["GET"]}}],"collection":[{"href":"https:\/\/blogs.correiobraziliense.com.br\/servidor\/wp-json\/wp\/v2\/posts"}],"about":[{"href":"https:\/\/blogs.correiobraziliense.com.br\/servidor\/wp-json\/wp\/v2\/types\/post"}],"author":[{"embeddable":true,"href":"https:\/\/blogs.correiobraziliense.com.br\/servidor\/wp-json\/wp\/v2\/users\/27"}],"replies":[{"embeddable":true,"href":"https:\/\/blogs.correiobraziliense.com.br\/servidor\/wp-json\/wp\/v2\/comments?post=13411"}],"version-history":[{"count":1,"href":"https:\/\/blogs.correiobraziliense.com.br\/servidor\/wp-json\/wp\/v2\/posts\/13411\/revisions"}],"predecessor-version":[{"id":13412,"href":"https:\/\/blogs.correiobraziliense.com.br\/servidor\/wp-json\/wp\/v2\/posts\/13411\/revisions\/13412"}],"wp:attachment":[{"href":"https:\/\/blogs.correiobraziliense.com.br\/servidor\/wp-json\/wp\/v2\/media?parent=13411"}],"wp:term":[{"taxonomy":"category","embeddable":true,"href":"https:\/\/blogs.correiobraziliense.com.br\/servidor\/wp-json\/wp\/v2\/categories?post=13411"},{"taxonomy":"post_tag","embeddable":true,"href":"https:\/\/blogs.correiobraziliense.com.br\/servidor\/wp-json\/wp\/v2\/tags?post=13411"}],"curies":[{"name":"wp","href":"https:\/\/api.w.org\/{rel}","templated":true}]}}