{"id":13407,"date":"2019-07-31T13:17:01","date_gmt":"2019-07-31T16:17:01","guid":{"rendered":"https:\/\/blogs.correiobraziliense.com.br\/servidor\/?p=13407"},"modified":"2019-07-31T13:17:01","modified_gmt":"2019-07-31T16:17:01","slug":"ato-em-defesa-da-democracia-da-justica-do-trabalho-e-da-previdencia-social-em-5-de-agosto","status":"publish","type":"post","link":"https:\/\/blogs.correiobraziliense.com.br\/servidor\/ato-em-defesa-da-democracia-da-justica-do-trabalho-e-da-previdencia-social-em-5-de-agosto\/","title":{"rendered":"Ato em defesa da democracia, da Justi\u00e7a do Trabalho e da Previd\u00eancia Social, em 5 de agosto"},"content":{"rendered":"<p><em>MDJT volta a articular a\u00e7\u00f5es contra ataques do governo Bolsonaro; manifesta\u00e7\u00e3o ter\u00e1 in\u00edcio ao meio-dia em frente ao F\u00f3rum Trabalhista Ruy Barbosa, Barra Funda (SP)<\/em><\/p>\n<p>O Movimento em Defesa da Justi\u00e7a do Trabalho \u2013 que re\u00fane cerca de 20 entidades, entre elas o Sintrajud, a Amatra-2 e as associa\u00e7\u00f5es de Advogados Trabalhistas (AAT-SP) e de Ju\u00edzes pela Democracia (AJD) \u2013 convida toda a sociedade para uma nova manifesta\u00e7\u00e3o na pr\u00f3xima segunda-feira (5\/8) em frente ao F\u00f3rum Trabalhista Ruy Barbosa. O ato ter\u00e1 in\u00edcio ao meio-dia, na Avenida Marqu\u00eas de S\u00e3o Vicente, 235, na Barra Funda.<\/p>\n<p>O protesto tem como principais bandeiras: o voto contr\u00e1rio dos deputados federais \u00e0 \u2018reforma\u2019 da Previd\u00eancia (PEC 6-F\/2019); a revoga\u00e7\u00e3o da Portaria 69\/2019 do Conselho Nacional de Justi\u00e7a, que refor\u00e7a o provimento 71\/2018, tamb\u00e9m do CNJ, e j\u00e1 est\u00e1 sendo chamada de \u201cPortaria da morda\u00e7a \u00e0 magistratura\u201d; a derrota da proposta de emenda constitucional (PEC) 108\/2019 \u2013 que possibilita a extin\u00e7\u00e3o de conselhos profissionais, desregulamentando carreiras; a defesa das prerrogativas da advocacia e da liberdade de imprensa, que v\u00eam sendo atacadas pelo governo; e a medida provis\u00f3ria 881\/2019, que expande a desregulamenta\u00e7\u00e3o imposta na \u2018reforma\u2019 da trabalhista.<\/p>\n<p>A MP 881, aprovada em tempo recorde na Comiss\u00e3o Mista do Congresso criada para analis\u00e1-la, nos mesmos dias em que eram votados na C\u00e2mara o texto-base e destaques da \u2018reforma\u2019 da Previd\u00eancia, aprofunda os ataques \u00e0 Justi\u00e7a do Trabalho como instrumento garantidor de direitos e aprofunda os ataques aos trabalhadores, de acordo com o Movimento.<\/p>\n<p>\u201cO segundo semestre, infelizmente, promete ser de graves ataques. Precisamos nos organizar para fazer frente e resistir em defesa dos nossos direitos\u201d, ressalta o diretor do Sindicato e servidor do TRT-2 Henrique Sales Costa.<\/p>\n<p><strong>MDJT<\/strong><\/p>\n<p>O Movimento em Defesa da Justi\u00e7a do Trabalho surgiu no in\u00edcio deste ano, quando o presidente Jair Bolsonaro assumiu o governo e teve como primeira medida extinguir o Minist\u00e9rio do Trabalho. Naquele momento Bolsonaro amea\u00e7ava tamb\u00e9m extinguir o Judici\u00e1rio Trabalhista e o Minist\u00e9rio P\u00fablico do Trabalho, alegando que \u201co Brasil \u00e9 o pa\u00eds dos direitos em excesso\u201d. Em janeiro, o Movimento realizou atos em 34 cidades do pa\u00eds, obrigando o rec\u00e9m-eleito presidente a recuar. Agora, Bolsonaro fatia o projeto de extin\u00e7\u00e3o das garantias trabalhistas e de cidadania reapresentando as propostas aos poucos em articula\u00e7\u00e3o com o Congresso Nacional.<\/p>\n","protected":false},"excerpt":{"rendered":"<p>MDJT volta a articular a\u00e7\u00f5es contra ataques do governo Bolsonaro; manifesta\u00e7\u00e3o ter\u00e1 in\u00edcio ao meio-dia em frente ao F\u00f3rum Trabalhista Ruy Barbosa, Barra Funda (SP) O Movimento em Defesa da Justi\u00e7a do Trabalho \u2013 que re\u00fane cerca de 20 entidades, entre elas o Sintrajud, a Amatra-2 e as associa\u00e7\u00f5es de Advogados Trabalhistas (AAT-SP) e de Ju\u00edzes pela Democracia (AJD) \u2013 [&hellip;]<\/p>\n","protected":false},"author":27,"featured_media":0,"comment_status":"open","ping_status":"closed","sticky":false,"template":"","format":"standard","meta":{"footnotes":""},"categories":[2719],"tags":[2866,21,254,1201,4053,98,15827,15828,12663,15285,14771,15830,15829,1603],"class_list":["post-13407","post","type-post","status-publish","format-standard","hentry","category-servidor","tag-ataques","tag-ato","tag-cnj","tag-defesa","tag-democracia","tag-governo","tag-justica-do-trarbalho","tag-mdjt","tag-mordaca","tag-mp-881-2019","tag-pec-06-2019","tag-pec-108-2019","tag-portaria-69-2019","tag-previdencia-social"],"_links":{"self":[{"href":"https:\/\/blogs.correiobraziliense.com.br\/servidor\/wp-json\/wp\/v2\/posts\/13407","targetHints":{"allow":["GET"]}}],"collection":[{"href":"https:\/\/blogs.correiobraziliense.com.br\/servidor\/wp-json\/wp\/v2\/posts"}],"about":[{"href":"https:\/\/blogs.correiobraziliense.com.br\/servidor\/wp-json\/wp\/v2\/types\/post"}],"author":[{"embeddable":true,"href":"https:\/\/blogs.correiobraziliense.com.br\/servidor\/wp-json\/wp\/v2\/users\/27"}],"replies":[{"embeddable":true,"href":"https:\/\/blogs.correiobraziliense.com.br\/servidor\/wp-json\/wp\/v2\/comments?post=13407"}],"version-history":[{"count":1,"href":"https:\/\/blogs.correiobraziliense.com.br\/servidor\/wp-json\/wp\/v2\/posts\/13407\/revisions"}],"predecessor-version":[{"id":13408,"href":"https:\/\/blogs.correiobraziliense.com.br\/servidor\/wp-json\/wp\/v2\/posts\/13407\/revisions\/13408"}],"wp:attachment":[{"href":"https:\/\/blogs.correiobraziliense.com.br\/servidor\/wp-json\/wp\/v2\/media?parent=13407"}],"wp:term":[{"taxonomy":"category","embeddable":true,"href":"https:\/\/blogs.correiobraziliense.com.br\/servidor\/wp-json\/wp\/v2\/categories?post=13407"},{"taxonomy":"post_tag","embeddable":true,"href":"https:\/\/blogs.correiobraziliense.com.br\/servidor\/wp-json\/wp\/v2\/tags?post=13407"}],"curies":[{"name":"wp","href":"https:\/\/api.w.org\/{rel}","templated":true}]}}