{"id":13403,"date":"2019-07-30T19:34:07","date_gmt":"2019-07-30T22:34:07","guid":{"rendered":"https:\/\/blogs.correiobraziliense.com.br\/servidor\/?p=13403"},"modified":"2019-07-30T19:34:07","modified_gmt":"2019-07-30T22:34:07","slug":"pagina-do-ministerio-da-economia-esta-fora-do-ar","status":"publish","type":"post","link":"https:\/\/blogs.correiobraziliense.com.br\/servidor\/pagina-do-ministerio-da-economia-esta-fora-do-ar\/","title":{"rendered":"P\u00e1gina do Minist\u00e9rio da Economia est\u00e1 fora do ar"},"content":{"rendered":"<p>H\u00e1 cerca de uma\u00a0 hora, o site do mais poderoso \u00f3rg\u00e3o do pa\u00eds, que reuniu cinco outros minist\u00e9rios desde janeiro de 2019, n\u00e3o est\u00e1 funcionando. Algumas \u00e1reas, segundo a assessoria de imprensa, estavam acess\u00edveis. Outras, n\u00e3o. Mas quem estava fora do pr\u00e9dio, sequer conseguia ver a agenda das autoridades. At\u00e9 o momento, a assessoria n\u00e3o sabia os motivos da falha.<\/p>\n","protected":false},"excerpt":{"rendered":"<p>H\u00e1 cerca de uma\u00a0 hora, o site do mais poderoso \u00f3rg\u00e3o do pa\u00eds, que reuniu cinco outros minist\u00e9rios desde janeiro de 2019, n\u00e3o est\u00e1 funcionando. Algumas \u00e1reas, segundo a assessoria de imprensa, estavam acess\u00edveis. Outras, n\u00e3o. Mas quem estava fora do pr\u00e9dio, sequer conseguia ver a agenda das autoridades. At\u00e9 o momento, a assessoria n\u00e3o sabia os motivos da falha.<\/p>\n","protected":false},"author":27,"featured_media":0,"comment_status":"open","ping_status":"closed","sticky":false,"template":"","format":"standard","meta":{"footnotes":""},"categories":[2719],"tags":[3760,14327,3199,2936],"class_list":["post-13403","post","type-post","status-publish","format-standard","hentry","category-servidor","tag-falha","tag-ministerio-da-economia","tag-pagina","tag-site"],"_links":{"self":[{"href":"https:\/\/blogs.correiobraziliense.com.br\/servidor\/wp-json\/wp\/v2\/posts\/13403","targetHints":{"allow":["GET"]}}],"collection":[{"href":"https:\/\/blogs.correiobraziliense.com.br\/servidor\/wp-json\/wp\/v2\/posts"}],"about":[{"href":"https:\/\/blogs.correiobraziliense.com.br\/servidor\/wp-json\/wp\/v2\/types\/post"}],"author":[{"embeddable":true,"href":"https:\/\/blogs.correiobraziliense.com.br\/servidor\/wp-json\/wp\/v2\/users\/27"}],"replies":[{"embeddable":true,"href":"https:\/\/blogs.correiobraziliense.com.br\/servidor\/wp-json\/wp\/v2\/comments?post=13403"}],"version-history":[{"count":1,"href":"https:\/\/blogs.correiobraziliense.com.br\/servidor\/wp-json\/wp\/v2\/posts\/13403\/revisions"}],"predecessor-version":[{"id":13404,"href":"https:\/\/blogs.correiobraziliense.com.br\/servidor\/wp-json\/wp\/v2\/posts\/13403\/revisions\/13404"}],"wp:attachment":[{"href":"https:\/\/blogs.correiobraziliense.com.br\/servidor\/wp-json\/wp\/v2\/media?parent=13403"}],"wp:term":[{"taxonomy":"category","embeddable":true,"href":"https:\/\/blogs.correiobraziliense.com.br\/servidor\/wp-json\/wp\/v2\/categories?post=13403"},{"taxonomy":"post_tag","embeddable":true,"href":"https:\/\/blogs.correiobraziliense.com.br\/servidor\/wp-json\/wp\/v2\/tags?post=13403"}],"curies":[{"name":"wp","href":"https:\/\/api.w.org\/{rel}","templated":true}]}}