{"id":134,"date":"2015-03-20T21:00:00","date_gmt":"2015-03-21T00:00:00","guid":{"rendered":"https:\/\/blogs.correiobraziliense.com.br\/servidor\/irregularidades_em_terceirizadas_de_bancos_e_operadoras_de_telefone\/"},"modified":"2015-03-20T21:00:00","modified_gmt":"2015-03-21T00:00:00","slug":"irregularidades_em_terceirizadas_de_bancos_e_operadoras_de_telefone","status":"publish","type":"post","link":"https:\/\/blogs.correiobraziliense.com.br\/servidor\/irregularidades_em_terceirizadas_de_bancos_e_operadoras_de_telefone\/","title":{"rendered":"IRREGULARIDADES EM TERCEIRIZADAS DE BANCOS E OPERADORAS DE TELEFONE"},"content":{"rendered":"<p><i>Al\u00e9m de  terceiriza\u00e7\u00e3o il\u00edcita, foram encontrados casos de ass\u00e9dio moral e doen\u00e7as  ocupacionais<\/i> <\/p>\n<p>O  Minist\u00e9rio P\u00fablico do Trabalho (MPT) vai formar um grupo de trabalho com  procuradores para analisar 26 volumes de relat\u00f3rios de fiscaliza\u00e7\u00f5es feitas por  auditores do Minist\u00e9rio do Trabalho e Emprego (MTE) na empresa Contax, em Pernambuco, que presta servi\u00e7os de call center para bancos, telef\u00f4nicas  e TV por assinatura.&nbsp;  <\/p>\n<p>Nas fiscaliza\u00e7\u00f5es, foram encontradas v\u00e1rias  irregularidades trabalhistas como terceiriza\u00e7\u00e3o il\u00edcita, ass\u00e9dio moral e doen\u00e7as  ocupacionais.   <\/p>\n<p>Os relat\u00f3rios foram entregues ao procurador-geral  do Trabalho, Lu\u00eds Camargo, e ao coordenador nacional de Defesa do Meio Ambiente  do Trabalho (Codemat), Philippe Jardim, na quinta-feira (19) pelos  diretor de Seguran\u00e7a de Sa\u00fade no Trabalho,&nbsp; Rinaldo Marinha Costa Lima, e  &nbsp;coordenador-geral de Fiscaliza\u00e7\u00e3o e Projetos, Fernando Donato Vasconcelos.  &nbsp;   <\/p>\n<p>\u201cOs relat\u00f3rios est\u00e3o bem produzidos e mostram  irregularidades que prejudicam os trabalhadores como o cumprimento de metas  abusivas e at\u00e9 o controle r\u00edgido para os empregados irem ao banheiro\u201d,  destacou Phillippe Jardim.   <\/p>\n<p>Os relat\u00f3rios est\u00e3o divididos por empresas que  contratam a Contax para os servi\u00e7os: &nbsp;Net (TV por assinatura), as  operadoras de telefone Oi e Vivo e os bancos Bradesco, Santander, Ita\u00fa e  Citibank. &nbsp;O MTE &nbsp;aplicou multas para &nbsp;todas as irregularidades  encontradas.  <\/p>\n<p>Bras\u00edlia, 21h00  <\/p>\n","protected":false},"excerpt":{"rendered":"<p>Al\u00e9m de terceiriza\u00e7\u00e3o il\u00edcita, foram encontrados casos de ass\u00e9dio moral e doen\u00e7as ocupacionais O Minist\u00e9rio P\u00fablico do Trabalho (MPT) vai formar um grupo de trabalho com procuradores para analisar 26 volumes de relat\u00f3rios de fiscaliza\u00e7\u00f5es feitas por auditores do Minist\u00e9rio do Trabalho e Emprego (MTE) na empresa Contax, em Pernambuco, que presta servi\u00e7os de call center para bancos, telef\u00f4nicas e [&hellip;]<\/p>\n","protected":false},"author":27,"featured_media":0,"comment_status":"open","ping_status":"open","sticky":false,"template":"","format":"standard","meta":{"footnotes":""},"categories":[1],"tags":[],"class_list":["post-134","post","type-post","status-publish","format-standard","hentry","category-sem-categoria"],"_links":{"self":[{"href":"https:\/\/blogs.correiobraziliense.com.br\/servidor\/wp-json\/wp\/v2\/posts\/134","targetHints":{"allow":["GET"]}}],"collection":[{"href":"https:\/\/blogs.correiobraziliense.com.br\/servidor\/wp-json\/wp\/v2\/posts"}],"about":[{"href":"https:\/\/blogs.correiobraziliense.com.br\/servidor\/wp-json\/wp\/v2\/types\/post"}],"author":[{"embeddable":true,"href":"https:\/\/blogs.correiobraziliense.com.br\/servidor\/wp-json\/wp\/v2\/users\/27"}],"replies":[{"embeddable":true,"href":"https:\/\/blogs.correiobraziliense.com.br\/servidor\/wp-json\/wp\/v2\/comments?post=134"}],"version-history":[{"count":0,"href":"https:\/\/blogs.correiobraziliense.com.br\/servidor\/wp-json\/wp\/v2\/posts\/134\/revisions"}],"wp:attachment":[{"href":"https:\/\/blogs.correiobraziliense.com.br\/servidor\/wp-json\/wp\/v2\/media?parent=134"}],"wp:term":[{"taxonomy":"category","embeddable":true,"href":"https:\/\/blogs.correiobraziliense.com.br\/servidor\/wp-json\/wp\/v2\/categories?post=134"},{"taxonomy":"post_tag","embeddable":true,"href":"https:\/\/blogs.correiobraziliense.com.br\/servidor\/wp-json\/wp\/v2\/tags?post=134"}],"curies":[{"name":"wp","href":"https:\/\/api.w.org\/{rel}","templated":true}]}}