{"id":13394,"date":"2019-07-30T17:57:06","date_gmt":"2019-07-30T20:57:06","guid":{"rendered":"https:\/\/blogs.correiobraziliense.com.br\/servidor\/?p=13394"},"modified":"2019-07-30T18:30:35","modified_gmt":"2019-07-30T21:30:35","slug":"andes-sn-apoio-a-descriminalizacao-do-aborto-no-brasil","status":"publish","type":"post","link":"https:\/\/blogs.correiobraziliense.com.br\/servidor\/andes-sn-apoio-a-descriminalizacao-do-aborto-no-brasil\/","title":{"rendered":"Andes-SN &#8211; Apoio \u00e0 descriminaliza\u00e7\u00e3o do aborto no Brasil"},"content":{"rendered":"<p><em>O Sindicato Nacional dos Docentes das Institui\u00e7\u00f5es de Ensino Superior (Andes-SN), durante o\u00a034\u00ba Congresso, em Bras\u00edlia-DF, decidiu debater, nas se\u00e7\u00f5es sindicais, contra a criminaliza\u00e7\u00e3o do aborto no Brasil.\u00a0Mesmo sendo uma a\u00e7\u00e3o ilegal, no pa\u00eds, o aborto \u00e9 a quinta causa de mortalidade materna, sendo a maioria mulheres negras. Dados do IBGE apontam que o \u00edndice de aborto provocado por mulheres negras \u00e9 de 3,5%, o dobro do percentual entre as brancas (1,7%)<\/em><\/p>\n<p>Est\u00e1 dispon\u00edvel para download a cartilha \u201cANDES-SN Apoia a Luta a Favor da Descriminaliza\u00e7\u00e3o do Aborto no Brasil\u201d, com conte\u00fado completo para quem tem interesse sobre a quest\u00e3o do aborto no pa\u00eds.\u00a0O Sindicato Nacional entende que \u00e9 direito da mulher decidir sobre o pr\u00f3prio corpo. Embora o direito ao aborto n\u00e3o seja consensual, este \u00e9 um tema de classe. De acordo com a Organiza\u00e7\u00e3o Mundial da Sa\u00fade (OMS) cerca de 300 mil mulheres morrem por ano em consequ\u00eancia de abortos.<\/p>\n<p>Ainda segundo a OMS, a proibi\u00e7\u00e3o e a criminaliza\u00e7\u00e3o n\u00e3o diminuem o n\u00famero de abortos. O chamado aborto legal, que permite a interrup\u00e7\u00e3o da gravidez em casos de estupro e quando h\u00e1 risco \u00e0 vida da mulher, \u00e9 uma conquista antiga. As PEC 181\/2015 e 29\/2015 pretendem reescrever a Constitui\u00e7\u00e3o, impondo a \u201cinviolabilidade do direito \u00e0 vida, desde a concep\u00e7\u00e3o\u201d, desta forma impedindo o aborto legal. Enquanto os substitutivos tramitam pela C\u00e2mara e pelo Senado, as mulheres se organizam para barrar a legisla\u00e7\u00e3o criminal mis\u00f3gina.<\/p>\n<p>Em seu 35\u00b0 Congresso, em 2016, o ANDES aprovou a posi\u00e7\u00e3o contra a aprova\u00e7\u00e3o do PL 5069\/13 \u2013 que tipifica o aborto como crime e prev\u00ea penas espec\u00edficas para quem induz a gestante \u00e0 pr\u00e1tica do aborto. Uma verdadeira afronta \u00e0 dignidade da mulher e \u00e0s lutas que elas buscam h\u00e1 mais de um s\u00e9culo pelo direito de controle sobre seus pr\u00f3prios corpos. Segundo Caroline Lima, diretora do Andes, o sindicato \u00e9 favor\u00e1vel \u00e0 descriminaliza\u00e7\u00e3o. \u201cN\u00f3s compreendemos que a mulher deve ter o direito de decidir sobre o pr\u00f3prio corpo. Esse \u00e9 um debate de sa\u00fade p\u00fablica, visto que as mulheres pobres, da classe trabalhadora s\u00e3o as que abortam de maneira insegura\u201d, aponta.<\/p>\n<p>Acesse a <a href=\"https:\/\/www.andes.org.br\/img\/midias\/cec38f685c01388d767598220d034e68_1563397071.pdf\">cartilha<\/a>.<\/p>\n","protected":false},"excerpt":{"rendered":"<p>O Sindicato Nacional dos Docentes das Institui\u00e7\u00f5es de Ensino Superior (Andes-SN), durante o\u00a034\u00ba Congresso, em Bras\u00edlia-DF, decidiu debater, nas se\u00e7\u00f5es sindicais, contra a criminaliza\u00e7\u00e3o do aborto no Brasil.\u00a0Mesmo sendo uma a\u00e7\u00e3o ilegal, no pa\u00eds, o aborto \u00e9 a quinta causa de mortalidade materna, sendo a maioria mulheres negras. Dados do IBGE apontam que o \u00edndice de aborto provocado por mulheres [&hellip;]<\/p>\n","protected":false},"author":27,"featured_media":0,"comment_status":"open","ping_status":"closed","sticky":false,"template":"","format":"standard","meta":{"footnotes":""},"categories":[2719],"tags":[7697,7712,15817,164,15543,2584,12965,2042,2572,15816,5599,1263,6564,4020,198,15818,15819,372],"class_list":["post-13394","post","type-post","status-publish","format-standard","hentry","category-servidor","tag-aborto","tag-andes-sn","tag-brancas","tag-brasil","tag-concepcao","tag-constituicao","tag-descriminalizacao","tag-ibge","tag-ilegal","tag-materna","tag-mortalidade","tag-mulheres","tag-negras","tag-oms","tag-pais","tag-pe-181-2015","tag-pec-29-2015","tag-vida"],"_links":{"self":[{"href":"https:\/\/blogs.correiobraziliense.com.br\/servidor\/wp-json\/wp\/v2\/posts\/13394","targetHints":{"allow":["GET"]}}],"collection":[{"href":"https:\/\/blogs.correiobraziliense.com.br\/servidor\/wp-json\/wp\/v2\/posts"}],"about":[{"href":"https:\/\/blogs.correiobraziliense.com.br\/servidor\/wp-json\/wp\/v2\/types\/post"}],"author":[{"embeddable":true,"href":"https:\/\/blogs.correiobraziliense.com.br\/servidor\/wp-json\/wp\/v2\/users\/27"}],"replies":[{"embeddable":true,"href":"https:\/\/blogs.correiobraziliense.com.br\/servidor\/wp-json\/wp\/v2\/comments?post=13394"}],"version-history":[{"count":3,"href":"https:\/\/blogs.correiobraziliense.com.br\/servidor\/wp-json\/wp\/v2\/posts\/13394\/revisions"}],"predecessor-version":[{"id":13397,"href":"https:\/\/blogs.correiobraziliense.com.br\/servidor\/wp-json\/wp\/v2\/posts\/13394\/revisions\/13397"}],"wp:attachment":[{"href":"https:\/\/blogs.correiobraziliense.com.br\/servidor\/wp-json\/wp\/v2\/media?parent=13394"}],"wp:term":[{"taxonomy":"category","embeddable":true,"href":"https:\/\/blogs.correiobraziliense.com.br\/servidor\/wp-json\/wp\/v2\/categories?post=13394"},{"taxonomy":"post_tag","embeddable":true,"href":"https:\/\/blogs.correiobraziliense.com.br\/servidor\/wp-json\/wp\/v2\/tags?post=13394"}],"curies":[{"name":"wp","href":"https:\/\/api.w.org\/{rel}","templated":true}]}}