{"id":13362,"date":"2019-07-29T19:13:07","date_gmt":"2019-07-29T22:13:07","guid":{"rendered":"https:\/\/blogs.correiobraziliense.com.br\/servidor\/?p=13362"},"modified":"2019-07-29T19:13:07","modified_gmt":"2019-07-29T22:13:07","slug":"correios-e-empregados-se-reunem-na-quarta-feira-para-conhecer-proposta-do-tst-sobre-plano-de-saude","status":"publish","type":"post","link":"https:\/\/blogs.correiobraziliense.com.br\/servidor\/correios-e-empregados-se-reunem-na-quarta-feira-para-conhecer-proposta-do-tst-sobre-plano-de-saude\/","title":{"rendered":"Correios e empregados se re\u00fanem na quarta-feira para conhecer proposta do TST sobre plano de sa\u00fade"},"content":{"rendered":"<p><em>A audi\u00eancia ser\u00e1 transmitida ao vivo pelo canal do TST no YouTube. \u00c9 urgente que as partes cheguem a um acordo, por causa da aproxima\u00e7\u00e3o da data-base da categoria, em 1\u00ba de agosto. Com o t\u00e9rmino da vig\u00eancia do atual acordo coletivo, os pais dos empregados podem perder o benef\u00edcio do plano de sa\u00fade.<\/em><\/p>\n<p>O vice-presidente do Tribunal Superior do Trabalho (TST), ministro Renato de Lacerda Paiva, apresentar\u00e1 na pr\u00f3xima quarta-feira (31), \u00e0s 15h, proposta de acordo para a Empresa Brasileira de Correios e Tel\u00e9grafos (ECT) e as federa\u00e7\u00f5es representantes dos empregados. A audi\u00eancia ser\u00e1 transmitida ao vivo pelo canal do TST no YouTube.<\/p>\n<p><strong>Urg\u00eancia<\/strong><\/p>\n<p>Ao convocar a audi\u00eancia, o vice-presidente lembrou que vem envidando esfor\u00e7os na busca de solu\u00e7\u00e3o de consenso para o conflito entre a empresa e os empregados, que \u00e9 objeto de de media\u00e7\u00e3o pr\u00e9-processual em andamento no TST. Entre outras medidas, o ministro tem promovido intensas interlocu\u00e7\u00f5es com os representantes dos dois lados. \u201cTais atividades foram mantidas com a mesma ou com maior intensidade no corrente per\u00edodo de paralisa\u00e7\u00e3o do funcionamento regular do TST, considerando principalmente a urg\u00eancia para a solu\u00e7\u00e3o e a relev\u00e2ncia do caso\u201d, afirma.<\/p>\n<p>A urg\u00eancia diz respeito \u00e0 data-base da categoria, em 1\u00ba de agosto. A preocupa\u00e7\u00e3o do ministro Renato de Lacerda Paiva \u00e9 que, com o t\u00e9rmino da vig\u00eancia do atual acordo coletivo, os pais dos empregados possam perder o benef\u00edcio do plano de sa\u00fade.<\/p>\n<p>No despacho, o vice-presidente pede que os representantes da empresa e das federa\u00e7\u00f5es informem o evento de transmiss\u00e3o a todos os empregados, a fim de que categoria possa acompanhar a apresenta\u00e7\u00e3o e ter a melhor compreens\u00e3o poss\u00edvel dos termos da proposta.<\/p>\n<p><strong>Preocupa\u00e7\u00f5es<\/strong><\/p>\n<p>A proposta da vice-presid\u00eancia deve contemplar as principais preocupa\u00e7\u00f5es dos empregados sobre o plano de sa\u00fade, como a base de c\u00e1lculo da mensalidade e a isen\u00e7\u00e3o de coparticipa\u00e7\u00e3o de tratamento cont\u00ednuos. No dia 17 de julho, em reuni\u00e3o com representantes da Federa\u00e7\u00e3o Nacional dos Trabalhadores em Empresas de Correios, Tel\u00e9grafos e Similares (Fentect) e da Federa\u00e7\u00e3o Interestadual dos Sindicatos dos Trabalhadores e Trabalhadoras dos Correios (Findect), o ministro pediu que a categoria avaliasse algumas sugest\u00f5es sobre esse tema, sobre a coparticipa\u00e7\u00e3o e sobre o plano de sa\u00fade para os pais, de forma a contribuir para a consolida\u00e7\u00e3o da proposta a ser apresentada.<\/p>\n","protected":false},"excerpt":{"rendered":"<p>A audi\u00eancia ser\u00e1 transmitida ao vivo pelo canal do TST no YouTube. \u00c9 urgente que as partes cheguem a um acordo, por causa da aproxima\u00e7\u00e3o da data-base da categoria, em 1\u00ba de agosto. Com o t\u00e9rmino da vig\u00eancia do atual acordo coletivo, os pais dos empregados podem perder o benef\u00edcio do plano de sa\u00fade. O vice-presidente do Tribunal Superior do [&hellip;]<\/p>\n","protected":false},"author":27,"featured_media":0,"comment_status":"open","ping_status":"closed","sticky":false,"template":"","format":"standard","meta":{"footnotes":""},"categories":[2719],"tags":[112,192,15804,386,20,769,891,2544,198,2317,54,503,912],"class_list":["post-13362","post","type-post","status-publish","format-standard","hentry","category-servidor","tag-acordo","tag-audiencia","tag-base-de-calculo","tag-beneficio","tag-correios","tag-data-base","tag-empregados","tag-mensalidade","tag-pais","tag-plano-de-saude","tag-proposta","tag-tst","tag-youtube"],"_links":{"self":[{"href":"https:\/\/blogs.correiobraziliense.com.br\/servidor\/wp-json\/wp\/v2\/posts\/13362","targetHints":{"allow":["GET"]}}],"collection":[{"href":"https:\/\/blogs.correiobraziliense.com.br\/servidor\/wp-json\/wp\/v2\/posts"}],"about":[{"href":"https:\/\/blogs.correiobraziliense.com.br\/servidor\/wp-json\/wp\/v2\/types\/post"}],"author":[{"embeddable":true,"href":"https:\/\/blogs.correiobraziliense.com.br\/servidor\/wp-json\/wp\/v2\/users\/27"}],"replies":[{"embeddable":true,"href":"https:\/\/blogs.correiobraziliense.com.br\/servidor\/wp-json\/wp\/v2\/comments?post=13362"}],"version-history":[{"count":1,"href":"https:\/\/blogs.correiobraziliense.com.br\/servidor\/wp-json\/wp\/v2\/posts\/13362\/revisions"}],"predecessor-version":[{"id":13363,"href":"https:\/\/blogs.correiobraziliense.com.br\/servidor\/wp-json\/wp\/v2\/posts\/13362\/revisions\/13363"}],"wp:attachment":[{"href":"https:\/\/blogs.correiobraziliense.com.br\/servidor\/wp-json\/wp\/v2\/media?parent=13362"}],"wp:term":[{"taxonomy":"category","embeddable":true,"href":"https:\/\/blogs.correiobraziliense.com.br\/servidor\/wp-json\/wp\/v2\/categories?post=13362"},{"taxonomy":"post_tag","embeddable":true,"href":"https:\/\/blogs.correiobraziliense.com.br\/servidor\/wp-json\/wp\/v2\/tags?post=13362"}],"curies":[{"name":"wp","href":"https:\/\/api.w.org\/{rel}","templated":true}]}}