{"id":13344,"date":"2019-07-29T12:23:30","date_gmt":"2019-07-29T15:23:30","guid":{"rendered":"https:\/\/blogs.correiobraziliense.com.br\/servidor\/?p=13344"},"modified":"2019-07-29T12:23:30","modified_gmt":"2019-07-29T15:23:30","slug":"fies-prazo-para-renegociacao-de-dividas-termina-hoje-29-07","status":"publish","type":"post","link":"https:\/\/blogs.correiobraziliense.com.br\/servidor\/fies-prazo-para-renegociacao-de-dividas-termina-hoje-29-07\/","title":{"rendered":"Fies &#8211; Prazo para renegocia\u00e7\u00e3o de d\u00edvidas termina hoje (29\/07)"},"content":{"rendered":"<p><em>O Minist\u00e9rio da Educa\u00e7\u00e3o informa que o prazo para renegocia\u00e7\u00e3o da d\u00edvida dos estudantes do ensino superior que aderiram ao Fundo de Financiamento Estudantil (Fies) termina nesta segunda-feira, 29 de julho. A vantagem \u00e9 que os valores podem ser parcelados por, no m\u00ednimo, 48 meses. Antes de abril, quando foi aberto o per\u00edodo de renegocia\u00e7\u00e3o, s\u00f3 era poss\u00edvel o pagamento \u00e0 vista<\/em><\/p>\n<p>Mais de 500 mil alunos est\u00e3o com os contratos de financiamento na fase de amortiza\u00e7\u00e3o e com atraso no pagamento das presta\u00e7\u00f5es, de acordo com o MEC. O saldo devedor total alcan\u00e7a cerca de R$ 11,2 bilh\u00f5es.<\/p>\n<p><strong>Para pedir a renegocia\u00e7\u00e3o, os estudantes precisam<\/strong>:<\/p>\n<p>&#8211; ter firmado o contrato com o Fies at\u00e9 o segundo semestre de 2017;<\/p>\n<p>&#8211; estar com as parcelas atrasadas em, no m\u00ednimo, 90 dias;<\/p>\n<p>&#8211; ter contratos em fase de amortiza\u00e7\u00e3o.<\/p>\n<p>Al\u00e9m disso, os contratos n\u00e3o podem ser objeto de a\u00e7\u00e3o judicial. A depender do tipo contrato, a renegocia\u00e7\u00e3o tamb\u00e9m poder\u00e1 ser feita pelo prazo de amortiza\u00e7\u00e3o.<\/p>\n<p><strong>Como regularizar<\/strong><\/p>\n<p>Os interessados devem procurar a institui\u00e7\u00e3o banc\u00e1ria onde o contrato foi assinado. O valor da parcela resultante da renegocia\u00e7\u00e3o n\u00e3o poder\u00e1 ser inferior a R$ 200. H\u00e1 ainda a parcela de entrada. O estudante dever\u00e1 pagar ou 10% da d\u00edvida consolidada vencida, ou R$ 1.000 \u2014 o que tiver o maior valor.<\/p>\n","protected":false},"excerpt":{"rendered":"<p>O Minist\u00e9rio da Educa\u00e7\u00e3o informa que o prazo para renegocia\u00e7\u00e3o da d\u00edvida dos estudantes do ensino superior que aderiram ao Fundo de Financiamento Estudantil (Fies) termina nesta segunda-feira, 29 de julho. A vantagem \u00e9 que os valores podem ser parcelados por, no m\u00ednimo, 48 meses. Antes de abril, quando foi aberto o per\u00edodo de renegocia\u00e7\u00e3o, s\u00f3 era poss\u00edvel o pagamento [&hellip;]<\/p>\n","protected":false},"author":27,"featured_media":0,"comment_status":"open","ping_status":"closed","sticky":false,"template":"","format":"standard","meta":{"footnotes":""},"categories":[2719],"tags":[4667,2514,1461,9855,1163,4707,7856,1174,1246],"class_list":["post-13344","post","type-post","status-publish","format-standard","hentry","category-servidor","tag-amortizacao","tag-contato","tag-divida","tag-ensino-superior","tag-estudantes","tag-fies","tag-parcelas","tag-prazo","tag-renegociacao"],"_links":{"self":[{"href":"https:\/\/blogs.correiobraziliense.com.br\/servidor\/wp-json\/wp\/v2\/posts\/13344","targetHints":{"allow":["GET"]}}],"collection":[{"href":"https:\/\/blogs.correiobraziliense.com.br\/servidor\/wp-json\/wp\/v2\/posts"}],"about":[{"href":"https:\/\/blogs.correiobraziliense.com.br\/servidor\/wp-json\/wp\/v2\/types\/post"}],"author":[{"embeddable":true,"href":"https:\/\/blogs.correiobraziliense.com.br\/servidor\/wp-json\/wp\/v2\/users\/27"}],"replies":[{"embeddable":true,"href":"https:\/\/blogs.correiobraziliense.com.br\/servidor\/wp-json\/wp\/v2\/comments?post=13344"}],"version-history":[{"count":1,"href":"https:\/\/blogs.correiobraziliense.com.br\/servidor\/wp-json\/wp\/v2\/posts\/13344\/revisions"}],"predecessor-version":[{"id":13345,"href":"https:\/\/blogs.correiobraziliense.com.br\/servidor\/wp-json\/wp\/v2\/posts\/13344\/revisions\/13345"}],"wp:attachment":[{"href":"https:\/\/blogs.correiobraziliense.com.br\/servidor\/wp-json\/wp\/v2\/media?parent=13344"}],"wp:term":[{"taxonomy":"category","embeddable":true,"href":"https:\/\/blogs.correiobraziliense.com.br\/servidor\/wp-json\/wp\/v2\/categories?post=13344"},{"taxonomy":"post_tag","embeddable":true,"href":"https:\/\/blogs.correiobraziliense.com.br\/servidor\/wp-json\/wp\/v2\/tags?post=13344"}],"curies":[{"name":"wp","href":"https:\/\/api.w.org\/{rel}","templated":true}]}}